{"id":1853,"date":"2026-04-30T06:56:52","date_gmt":"2026-04-30T06:56:52","guid":{"rendered":"https:\/\/laviedebebe.com\/blog\/sienna-miller-deuxieme-enfant\/"},"modified":"2026-04-30T06:56:52","modified_gmt":"2026-04-30T06:56:52","slug":"sienna-miller-deuxieme-enfant","status":"publish","type":"post","link":"https:\/\/laviedebebe.com\/blog\/sienna-miller-deuxieme-enfant\/","title":{"rendered":"Sienna Miller c\u00e9l\u00e8bre la naissance de son deuxi\u00e8me enfant : une nouvelle aventure commence pour la jeune maman"},"content":{"rendered":"<p><strong>En bref :<\/strong><\/p>\n\n<ul class=\"wp-block-list\"><li><strong>Sienna Miller<\/strong> a accueilli son <strong>deuxi\u00e8me enfant<\/strong>, une petite fille, apr\u00e8s une grossesse annonc\u00e9e cet \u00e9t\u00e9 et r\u00e9v\u00e9l\u00e9e publiquement en ao\u00fbt.<\/li><li>Des photos publi\u00e9es d\u00e9but janvier montrent la <strong>maman<\/strong> et le papa, <strong>Oli Green<\/strong>, se promenant dans Londres avec le nouveau-n\u00e9 en porte-b\u00e9b\u00e9.<\/li><li>Cette naissance ouvre une <strong>nouvelle aventure<\/strong> familiale pour la com\u00e9dienne et sa fille a\u00een\u00e9e, <strong>Marlow<\/strong>, qui souhaitait un compagnon de jeu.<\/li><li>L\u2019article propose des conseils concrets pour accompagner la fratrie, prot\u00e9ger la maman et pr\u00e9server l\u2019intimit\u00e9 familiale face aux m\u00e9dias.<\/li><li>Des ressources pratiques et des rep\u00e8res sont propos\u00e9s pour transformer l\u2019arriv\u00e9e d\u2019un b\u00e9b\u00e9 en un moment de <strong>joie<\/strong> et de <strong>bonheur<\/strong> accessible pour tous.<\/li><\/ul>\n\n<div id=\"ez-toc-container\" class=\"ez-toc-v2_0_82_2 counter-hierarchy ez-toc-counter ez-toc-grey ez-toc-container-direction\">\n<div class=\"ez-toc-title-container\">\n<p class=\"ez-toc-title\" style=\"cursor:inherit\">Sommaire<\/p>\n<span class=\"ez-toc-title-toggle\"><a href=\"#\" class=\"ez-toc-pull-right ez-toc-btn ez-toc-btn-xs ez-toc-btn-default ez-toc-toggle\" aria-label=\"Toggle Table of Content\"><span class=\"ez-toc-js-icon-con\"><span class=\"\"><span class=\"eztoc-hide\" style=\"display:none;\">Toggle<\/span><span class=\"ez-toc-icon-toggle-span\"><svg style=\"fill: #999;color:#999\" xmlns=\"http:\/\/www.w3.org\/2000\/svg\" class=\"list-377408\" width=\"20px\" height=\"20px\" viewBox=\"0 0 24 24\" fill=\"none\"><path d=\"M6 6H4v2h2V6zm14 0H8v2h12V6zM4 11h2v2H4v-2zm16 0H8v2h12v-2zM4 16h2v2H4v-2zm16 0H8v2h12v-2z\" fill=\"currentColor\"><\/path><\/svg><svg style=\"fill: #999;color:#999\" class=\"arrow-unsorted-368013\" xmlns=\"http:\/\/www.w3.org\/2000\/svg\" width=\"10px\" height=\"10px\" viewBox=\"0 0 24 24\" version=\"1.2\" baseProfile=\"tiny\"><path d=\"M18.2 9.3l-6.2-6.3-6.2 6.3c-.2.2-.3.4-.3.7s.1.5.3.7c.2.2.4.3.7.3h11c.3 0 .5-.1.7-.3.2-.2.3-.5.3-.7s-.1-.5-.3-.7zM5.8 14.7l6.2 6.3 6.2-6.3c.2-.2.3-.5.3-.7s-.1-.5-.3-.7c-.2-.2-.4-.3-.7-.3h-11c-.3 0-.5.1-.7.3-.2.2-.3.5-.3.7s.1.5.3.7z\"\/><\/svg><\/span><\/span><\/span><\/a><\/span><\/div>\n<nav><ul class='ez-toc-list ez-toc-list-level-1 eztoc-toggle-hide-by-default' ><li class='ez-toc-page-1 ez-toc-heading-level-2'><a class=\"ez-toc-link ez-toc-heading-1\" href=\"https:\/\/laviedebebe.com\/blog\/sienna-miller-deuxieme-enfant\/#Sienna_Miller_vient_de_donner_naissance_a_sa_seconde_fille_faits_contexte_et_retentissement_mediatique\" >Sienna Miller vient de donner naissance \u00e0 sa seconde fille : faits, contexte et retentissement m\u00e9diatique<\/a><\/li><li class='ez-toc-page-1 ez-toc-heading-level-2'><a class=\"ez-toc-link ez-toc-heading-2\" href=\"https:\/\/laviedebebe.com\/blog\/sienna-miller-deuxieme-enfant\/#Soutenir_larrivee_dun_deuxieme_enfant_preparer_laine_et_favoriser_une_transition_douce\" >Soutenir l&rsquo;arriv\u00e9e d&rsquo;un deuxi\u00e8me enfant : pr\u00e9parer l&rsquo;a\u00een\u00e9 et favoriser une transition douce<\/a><\/li><li class='ez-toc-page-1 ez-toc-heading-level-2'><a class=\"ez-toc-link ez-toc-heading-3\" href=\"https:\/\/laviedebebe.com\/blog\/sienna-miller-deuxieme-enfant\/#Prendre_soin_de_la_maman_apres_laccouchement_sante_repos_et_soutien_emotionnel\" >Prendre soin de la maman apr\u00e8s l\u2019accouchement : sant\u00e9, repos et soutien \u00e9motionnel<\/a><\/li><li class='ez-toc-page-1 ez-toc-heading-level-2'><a class=\"ez-toc-link ez-toc-heading-4\" href=\"https:\/\/laviedebebe.com\/blog\/sienna-miller-deuxieme-enfant\/#Vie_privee_medias_et_parentalite_preserver_la_famille_face_a_lattention_publique\" >Vie priv\u00e9e, m\u00e9dias et parentalit\u00e9: pr\u00e9server la famille face \u00e0 l&rsquo;attention publique<\/a><\/li><li class='ez-toc-page-1 ez-toc-heading-level-2'><a class=\"ez-toc-link ez-toc-heading-5\" href=\"https:\/\/laviedebebe.com\/blog\/sienna-miller-deuxieme-enfant\/#Celebrer_la_nouvelle_aventure_parentale_gestes_simples_rituels_et_ressources_pour_creer_des_souvenirs\" >C\u00e9l\u00e9brer la nouvelle aventure parentale : gestes simples, rituels et ressources pour cr\u00e9er des souvenirs<\/a><\/li><\/ul><\/nav><\/div>\n<h2 class=\"wp-block-heading\"><span class=\"ez-toc-section\" id=\"Sienna_Miller_vient_de_donner_naissance_a_sa_seconde_fille_faits_contexte_et_retentissement_mediatique\"><\/span>Sienna Miller vient de donner naissance \u00e0 sa seconde fille : faits, contexte et retentissement m\u00e9diatique<span class=\"ez-toc-section-end\"><\/span><\/h2>\n\n<p>La nouvelle de la <strong>naissance<\/strong> de la seconde fille de <strong>Sienna Miller<\/strong> a \u00e9t\u00e9 confirm\u00e9e apr\u00e8s la publication de clich\u00e9s pris lors d\u2019une promenade dans les rues de Londres. Ces images, diffus\u00e9es le 3 janvier par la presse, montrent la com\u00e9dienne portant son nourrisson en porte-b\u00e9b\u00e9, accompagn\u00e9e du p\u00e8re, <strong>Oli Green<\/strong>. Le pr\u00e9nom et la date exacte de naissance n\u2019ont pas \u00e9t\u00e9 rendus publics.<\/p>\n\n<p>Pour replacer les \u00e9l\u00e9ments : la com\u00e9dienne avait r\u00e9v\u00e9l\u00e9 sa grossesse au cours de l\u2019\u00e9t\u00e9 pr\u00e9c\u00e9dent. \u00c0 42 ans, elle avait qualifi\u00e9 cette grossesse de \u00ab surprise \u00bb lors d\u2019un entretien dans un magazine de renom. Elle avait expliqu\u00e9 que sa fille a\u00een\u00e9e, <strong>Marlow Ottoline Layng<\/strong>, n\u00e9e le 7 juillet 2012 d\u2019une relation pr\u00e9c\u00e9dente, souhaitait depuis longtemps avoir un petit fr\u00e8re ou une petite s\u0153ur. Cette volont\u00e9 familiale a \u00e9t\u00e9 un des moteurs de la d\u00e9cision d\u2019agrandir la famille.<\/p>\n\n<p>Le retentissement m\u00e9diatique soul\u00e8ve des questions sur la repr\u00e9sentation des m\u00e8res c\u00e9l\u00e8bres et sur le regard que la soci\u00e9t\u00e9 porte sur la parentalit\u00e9, surtout lorsque l\u2019\u00e2ge ou la diff\u00e9rence d\u2019\u00e2ge au sein du couple sont point\u00e9s du doigt. Lors de son entretien, la com\u00e9dienne a critiqu\u00e9 un syst\u00e8me jug\u00e9 \u00ab misogyne et patriarcal \u00bb, rappelant que la critique sociale est souvent plus dure envers une femme plus \u00e2g\u00e9e enceinte que lorsqu\u2019un homme assume la paternit\u00e9 tardive.<\/p>\n\n<h3 class=\"wp-block-heading\">Impact sur la perception publique et r\u00e9action des parents<\/h3>\n\n<p>La situation offre un miroir utile aux familles ordinaires : quels regards peuvent affecter le ressenti d\u2019une m\u00e8re qui accouche \u00ab plus tard \u00bb ? L\u2019exp\u00e9rience montre que l\u2019anxi\u00e9t\u00e9 parentale est souvent aliment\u00e9e par des jugements ext\u00e9rieurs plut\u00f4t que par des risques r\u00e9els. Des ressources valid\u00e9es par des professionnels rassurent sur la capacit\u00e9 d\u2019une m\u00e8re \u00e0 prendre soin d\u2019un nouveau-n\u00e9, quel que soit son \u00e2ge.<\/p>\n\n<p>Un exemple concret : la famille fictive des <strong>Dupont<\/strong> illustre ce ph\u00e9nom\u00e8ne. La m\u00e8re, apr\u00e8s 39 ans, a re\u00e7u des commentaires anxiog\u00e8nes de son entourage. En s\u2019appuyant sur des bilans m\u00e9dicaux, un suivi p\u00e9diatrique r\u00e9gulier et un r\u00e9seau de soutien, la famille a pu transformer l\u2019inqui\u00e9tude sociale en vigilance constructive et b\u00e9n\u00e9fique pour le b\u00e9b\u00e9.<\/p>\n\n<p>Pour les parents lecteurs, il est utile de garder en m\u00e9moire trois rep\u00e8res pratiques : 1) s\u2019informer aupr\u00e8s de professionnels de sant\u00e9 ; 2) d\u00e9l\u00e9guer les t\u00e2ches non essentielles pour pr\u00e9server l\u2019\u00e9nergie post-partum ; 3) poser des limites face aux intrusions m\u00e9diatiques ou familiales. Ces gestes simples permettent de recentrer l\u2019attention sur le bien-\u00eatre du duo m\u00e8re-b\u00e9b\u00e9 plut\u00f4t que sur les discours externes.<\/p>\n\n<p><strong>Insight cl\u00e9 :<\/strong> la naissance d\u2019un enfant, y compris celle d\u2019une personnalit\u00e9 publique, peut servir de levier pour normaliser la diversit\u00e9 des parcours parentaux et rappeler que la parentalit\u00e9 se construit sur des ressources concr\u00e8tes et un soutien adapt\u00e9.<\/p>\n\n<h2 class=\"wp-block-heading\"><span class=\"ez-toc-section\" id=\"Soutenir_larrivee_dun_deuxieme_enfant_preparer_laine_et_favoriser_une_transition_douce\"><\/span>Soutenir l&rsquo;arriv\u00e9e d&rsquo;un deuxi\u00e8me enfant : pr\u00e9parer l&rsquo;a\u00een\u00e9 et favoriser une transition douce<span class=\"ez-toc-section-end\"><\/span><\/h2>\n\n<p>L\u2019arriv\u00e9e d\u2019un <strong>deuxi\u00e8me enfant<\/strong> transforme la dynamique familiale. Dans le cas de <strong>Sienna Miller<\/strong>, l\u2019a\u00een\u00e9e <strong>Marlow<\/strong> souhaitait depuis longtemps un compagnon de jeu, ce qui peut faciliter certains ajustements \u00e9motionnels mais ne supprime pas les jalousies ou les peurs de s\u00e9paration. Accompagner la fratrie n\u00e9cessite une m\u00e9thode douce, structur\u00e9e et adapt\u00e9e \u00e0 l\u2019\u00e2ge de l\u2019a\u00een\u00e9.<\/p>\n\n<p>La famille fictive des <strong>Moreau<\/strong> peut servir d\u2019exemple concret. Leur fille de neuf ans a vu l\u2019arriv\u00e9e d\u2019un petit fr\u00e8re comme une r\u00e9jouissance, mais aussi comme une menace pour les routines affectives. En impliquant l\u2019a\u00een\u00e9 dans des gestes simples (choisir une turbulette, chanter une berceuse, porter un petit doudou lors des visites), les parents ont cr\u00e9\u00e9 un sentiment de responsabilit\u00e9 positive et de fiert\u00e9. Ces gestes ont r\u00e9duit les comportements r\u00e9gressifs observ\u00e9s dans les premi\u00e8res semaines.<\/p>\n\n<h3 class=\"wp-block-heading\">\u00c9tapes pratiques pour pr\u00e9parer l\u2019a\u00een\u00e9<\/h3>\n\n<p>1) Expliquer ce qu\u2019est un nouveau-n\u00e9 avec des mots adapt\u00e9s \u00e0 l\u2019\u00e2ge. Montrer des photos, lire des histoires et simuler des soins sur une poup\u00e9e aide \u00e0 d\u00e9mystifier le b\u00e9b\u00e9.<\/p>\n\n<p>2) Maintenir des rituels exclusifs pour l\u2019a\u00een\u00e9. Une lecture avant le coucher, un petit rituel du matin ou une sortie hebdomadaire renforce la s\u00e9curit\u00e9 affective.<\/p>\n\n<p>3) D\u00e9l\u00e9guer une \u00ab mission \u00bb valorisante \u00e0 l\u2019a\u00een\u00e9. Un r\u00f4le symbolique (par exemple : choisir une chanson pour la sieste) favorise l\u2019adh\u00e9sion et r\u00e9duit la comp\u00e9tition pour l\u2019attention.<\/p>\n\n<p>4) Pr\u00e9parer des rencontres progressives : les premi\u00e8res interactions peuvent \u00eatre courtes et surveill\u00e9es, puis durer plus longtemps selon la tol\u00e9rance \u00e9motionnelle de l\u2019enfant.<\/p>\n\n<p>5) Anticiper les r\u00e9actions de l\u2019entourage : amis, grands-parents et enseignants peuvent recevoir des consignes simples pour encourager la complicit\u00e9 sans survaloriser la rivalit\u00e9.<\/p>\n\n<ul class=\"wp-block-list\"><li><strong>Exemple concret :<\/strong> proposer \u00e0 l\u2019a\u00een\u00e9 de choisir un petit cadeau symbolique pour le nouveau-n\u00e9 (une couverture, un doudou) pour renforcer le lien.<\/li><li><strong>Astuce pratique :<\/strong> organiser un album-photo familial o\u00f9 l\u2019a\u00een\u00e9 colle ses propres images avec le b\u00e9b\u00e9 pour valoriser la place de chacun.<\/li><\/ul>\n\n<p>Si l\u2019a\u00een\u00e9 manifeste des signes de difficult\u00e9 (retour de comportements plus jeunes, troubles du sommeil, r\u00e9ticence aux routines), il est conseill\u00e9 de consulter un professionnel de la petite enfance qui proposera des outils adapt\u00e9s. L\u2019accompagnement pr\u00e9coce \u00e9vite l\u2019installation de tensions durables.<\/p>\n\n<p><strong>Insight cl\u00e9 :<\/strong> int\u00e9grer l\u2019a\u00een\u00e9 comme acteur bienveillant du projet familial favorise l\u2019harmonie et transforme la jalousie potentielle en une relation fraternelle naissante.<\/p>\n\n<figure class=\"is-provider-youtube is-type-video wp-block-embed wp-block-embed-youtube wp-embed-aspect-16-9 wp-has-aspect-ratio\"><div class=\"wp-block-embed__wrapper\">\n<iframe loading=\"lazy\" title=\"Sienna Miller gives birth to her second child #uscelebritynews\" width=\"1200\" height=\"675\" src=\"https:\/\/www.youtube.com\/embed\/FOY1wrWS4gc?feature=oembed\" frameborder=\"0\" allow=\"accelerometer; autoplay; clipboard-write; encrypted-media; gyroscope; picture-in-picture; web-share\" referrerpolicy=\"strict-origin-when-cross-origin\" allowfullscreen><\/iframe>\n<\/div><\/figure>\n\n<h2 class=\"wp-block-heading\"><span class=\"ez-toc-section\" id=\"Prendre_soin_de_la_maman_apres_laccouchement_sante_repos_et_soutien_emotionnel\"><\/span>Prendre soin de la maman apr\u00e8s l\u2019accouchement : sant\u00e9, repos et soutien \u00e9motionnel<span class=\"ez-toc-section-end\"><\/span><\/h2>\n\n<p>L\u2019arriv\u00e9e d\u2019un enfant repr\u00e9sente un moment intense pour la <strong>maman<\/strong>, tant sur le plan physique qu\u2019\u00e9motionnel. Pour une m\u00e8re ayant accouch\u00e9 \u00e0 42 ans, comme <strong>Sienna Miller<\/strong>, certains besoins peuvent \u00eatre accentu\u00e9s : r\u00e9cup\u00e9ration physique, suivi m\u00e9dical attentif et \u00e9coute psychologique adapt\u00e9e. Il est essentiel de proposer des rep\u00e8res concrets et non culpabilisants.<\/p>\n\n<p>Un tableau r\u00e9capitulatif aide \u00e0 visualiser les \u00e9tapes cl\u00e9s du suivi post-partum et les signes \u00e0 surveiller.<\/p>\n\n<figure class=\"wp-block-table\"><table>\n<thead>\n<tr>\n<th>P\u00e9riode<\/th>\n<th>Objectifs principaux<\/th>\n<th>Signes d\u2019alerte<\/th>\n<\/tr>\n<\/thead>\n<tbody>\n<tr>\n<td>0-2 semaines<\/td>\n<td>Repos, initiation \u00e0 l&rsquo;allaitement, soutien pratique<\/td>\n<td>H\u00e9morragie excessive, fi\u00e8vre, douleur intense<\/td>\n<\/tr>\n<tr>\n<td>2-6 semaines<\/td>\n<td>Suivi m\u00e9dical, ajustement du sommeil, mobilisation douce<\/td>\n<td>Humeur d\u00e9pressive persistante, difficult\u00e9 \u00e0 s\u2019alimenter<\/td>\n<\/tr>\n<tr>\n<td>6-12 semaines<\/td>\n<td>Retour aux activit\u00e9s graduelles, bilan gyn\u00e9cologique<\/td>\n<td>Douleurs chroniques, sympt\u00f4mes d\u00e9pressifs marqu\u00e9s<\/td>\n<\/tr>\n<tr>\n<td>3-6 mois<\/td>\n<td>\u00c9valuation de la contraception, reprise du travail progressive<\/td>\n<td>Isolement social, troubles du lien m\u00e8re-b\u00e9b\u00e9<\/td>\n<\/tr>\n<\/tbody>\n<\/table><\/figure>\n\n<p>Au-del\u00e0 des bilans m\u00e9dicaux, le soutien \u00e9motionnel est primordial. Des r\u00e9seaux de pairs, des consultations en psychologie p\u00e9rinatale, et l&rsquo;acc\u00e8s \u00e0 des conseils pratiques bas\u00e9s sur l\u2019exp\u00e9rience de terrain contribuent \u00e0 diminuer l\u2019anxi\u00e9t\u00e9. Les professionnels recommandent des micro-pauses r\u00e9guli\u00e8rement programm\u00e9es, l\u2019acceptation d\u2019aide m\u00e9nag\u00e8re temporaire et la priorisation des soins fondamentaux (alimentation, sommeil, hydratation).<\/p>\n\n<h3 class=\"wp-block-heading\">Exemples concrets de gestes apaisants<\/h3>\n\n<p>&#8211; Le \u00ab portage \u00e9charpe \u00bb pour favoriser l\u2019endormissement du b\u00e9b\u00e9 et la proximit\u00e9 sans sur-solliciter la m\u00e8re. Cette pratique peut aussi lib\u00e9rer les mains pour effectuer une t\u00e2che br\u00e8ve ou se reposer.<\/p>\n\n<p>&#8211; Les massages post-partum doux (r\u00e9alis\u00e9s par un professionnel qualifi\u00e9) aident \u00e0 la d\u00e9tente musculaire et \u00e0 la reconnexion corporelle.<\/p>\n\n<p>&#8211; La planification d\u2019un rendez-vous de suivi pr\u00e9coce avec une sage-femme offre un espace pour poser des questions concr\u00e8tes et recevoir des conseils personnalis\u00e9s.<\/p>\n\n<p>Les parents sont encourag\u00e9s \u00e0 documenter les petits succ\u00e8s du quotidien (premi\u00e8res t\u00e9t\u00e9es efficaces, nuits en petites am\u00e9liorations) plut\u00f4t que de viser une perfection imm\u00e9diate. L\u2019objectif est d\u2019accumuler des indications positives qui favorisent la confiance parentale.<\/p>\n\n<p><strong>Insight cl\u00e9 :<\/strong> la prise en charge post-partum combine soins m\u00e9dicaux, repos structur\u00e9 et soutien \u00e9motionnel ; la mise en place d\u2019un plan de soutien pragmatique permet d\u2019att\u00e9nuer le stress et de rendre l\u2019exp\u00e9rience plus sereine.<\/p>\n\n<figure class=\"is-provider-youtube is-type-video wp-block-embed wp-block-embed-youtube wp-embed-aspect-16-9 wp-has-aspect-ratio\"><div class=\"wp-block-embed__wrapper\">\n<iframe loading=\"lazy\" title=\"M\u00e8re de 10 enfants, Cristel se pr\u00e9pare au d\u00e9part de ses 2 petits derniers\" width=\"1200\" height=\"675\" src=\"https:\/\/www.youtube.com\/embed\/yI6LNzQary4?feature=oembed\" frameborder=\"0\" allow=\"accelerometer; autoplay; clipboard-write; encrypted-media; gyroscope; picture-in-picture; web-share\" referrerpolicy=\"strict-origin-when-cross-origin\" allowfullscreen><\/iframe>\n<\/div><\/figure>\n\n<h2 class=\"wp-block-heading\"><span class=\"ez-toc-section\" id=\"Vie_privee_medias_et_parentalite_preserver_la_famille_face_a_lattention_publique\"><\/span>Vie priv\u00e9e, m\u00e9dias et parentalit\u00e9: pr\u00e9server la famille face \u00e0 l&rsquo;attention publique<span class=\"ez-toc-section-end\"><\/span><\/h2>\n\n<p>La <strong>c\u00e9l\u00e9bration<\/strong> d\u2019un <strong>nouveau-n\u00e9<\/strong> par une personnalit\u00e9 publique met en lumi\u00e8re des enjeux concrets pour tous les parents : comment g\u00e9rer les intrusions, prot\u00e9ger l\u2019intimit\u00e9 et \u00e9duquer la fratrie en dehors des projecteurs ? Les r\u00e9centes images de <strong>Sienna Miller<\/strong> et de sa famille offrent un cas d\u2019\u00e9tude utile pour d\u00e9gager des strat\u00e9gies de protection de la sph\u00e8re familiale.<\/p>\n\n<p>Plusieurs r\u00e9ponses pratiques peuvent \u00eatre adopt\u00e9es pour limiter l\u2019impact des m\u00e9dias : la mise en place de zones de confidentialit\u00e9 (horaires de sorties, itin\u00e9raires discrets), la communication contr\u00f4l\u00e9e (choix d\u2019un message unique diffus\u00e9 via un porte-parole) et la n\u00e9gociation de limites claires avec les \u00e9quipes professionnelles.<\/p>\n\n<h3 class=\"wp-block-heading\">Strat\u00e9gies concr\u00e8tes pour pr\u00e9server l&rsquo;intimit\u00e9<\/h3>\n\n<p>1) D\u00e9finir une politique familiale commune : quels \u00e9l\u00e9ments peuvent \u00eatre partag\u00e9s et lesquels restent priv\u00e9s ? Mettre ces r\u00e8gles par \u00e9crit aide \u00e0 la coh\u00e9rence.<\/p>\n\n<p>2) Former une \u00e9quipe de soutien d\u00e9di\u00e9e : un.e assistant.e proche et des proches de confiance peuvent faciliter les sorties sans exposition m\u00e9diatique excessive.<\/p>\n\n<p>3) Expliquer aux enfants, de fa\u00e7on adapt\u00e9e, pourquoi certaines images peuvent \u00eatre publi\u00e9es et pourquoi d\u2019autres non. La transparence \u00e0 hauteur d\u2019\u00e2ge renforce la s\u00e9curit\u00e9 affective.<\/p>\n\n<p>Dans le contexte soci\u00e9tal, la r\u00e9action publique \u00e0 la maternit\u00e9 tardive de femmes c\u00e9l\u00e8bres permet aussi d\u2019engager un message plus large : la parentalit\u00e9 se vit dans une diversit\u00e9 d\u2019\u00e2ges et de configurations familiales. La critique de double standard soulign\u00e9e par la com\u00e9dienne souligne la n\u00e9cessit\u00e9 d\u2019un d\u00e9bat social ax\u00e9 sur le respect et la neutralit\u00e9 du regard.<\/p>\n\n<p><strong>Insight cl\u00e9 :<\/strong> la protection de la vie priv\u00e9e se planifie avec des r\u00e8gles claires et un r\u00e9seau de confiance ; ces mesures permettent de vivre la <strong>c\u00e9l\u00e9bration<\/strong> familiale sans sacrifier le bien-\u00eatre des enfants.<\/p>\n\n<h2 class=\"wp-block-heading\"><span class=\"ez-toc-section\" id=\"Celebrer_la_nouvelle_aventure_parentale_gestes_simples_rituels_et_ressources_pour_creer_des_souvenirs\"><\/span>C\u00e9l\u00e9brer la nouvelle aventure parentale : gestes simples, rituels et ressources pour cr\u00e9er des souvenirs<span class=\"ez-toc-section-end\"><\/span><\/h2>\n\n<p>L\u2019arriv\u00e9e d\u2019un enfant est avant tout une <strong>nouvelle aventure<\/strong> humaine. Les habitudes qui cr\u00e9ent du lien sont souvent modestes mais puissantes : le peau-\u00e0-peau, une chanson partag\u00e9e, la lecture d\u2019un album unique. Ces rituels concilient la r\u00e9p\u00e9tition apaisante et la cr\u00e9ation de souvenirs durables.<\/p>\n\n<p>Un exemple instructif : la famille fictive des <strong>Bernard<\/strong> a instaur\u00e9, d\u00e8s la premi\u00e8re semaine, une \u00ab minute du bonheur \u00bb quotidienne o\u00f9 chaque membre raconte un petit \u00e9v\u00e9nement positif. Ce rituel a aid\u00e9 \u00e0 int\u00e9grer le b\u00e9b\u00e9 dans le r\u00e9cit familial et \u00e0 r\u00e9duire la sensation d\u2019\u00eatre d\u00e9bord\u00e9 par les t\u00e2ches.<\/p>\n\n<ul class=\"wp-block-list\"><li><strong>Rituels pratiques :<\/strong> peau-\u00e0-peau quotidien, playlist douce pour la sieste, album photo chronologique pour suivre les progr\u00e8s.<\/li><li><strong>Gestes apaisants :<\/strong> portage, bains ti\u00e8des en pr\u00e9sence d\u2019un adulte de r\u00e9f\u00e9rence, massages doux adapt\u00e9s \u00e0 l&rsquo;\u00e2ge.<\/li><li><strong>Id\u00e9es de partage :<\/strong> offrir un objet symbolique de bienvenue (par ex. un doudou personnalis\u00e9) ou organiser une petite c\u00e9r\u00e9monie intime pour marquer l\u2019arriv\u00e9e.<\/li><\/ul>\n\n<p>Pour ceux qui cherchent des id\u00e9es de cadeaux personnalis\u00e9s ou des rep\u00e8res pour choisir un pr\u00e9nom, des ressources pratiques existent en ligne. Par exemple, des suggestions pour des pr\u00e9sents uniques peuvent \u00eatre trouv\u00e9es dans des guides d\u00e9di\u00e9s aux cadeaux personnalis\u00e9s, et des articles sur la signification des pr\u00e9noms aident \u00e0 trouver un nom porteur de sens.<\/p>\n\n<p>Enfin, c\u00e9l\u00e9brer ne signifie pas tout montrer. Il est possible d\u2019inscrire la joie et le bonheur dans des rituels intimes, partag\u00e9s avec les proches selon les r\u00e8gles familiales. Ces choix cultivent un climat de s\u00e9curit\u00e9 affective qui b\u00e9n\u00e9ficiera autant \u00e0 la maman qu\u2019aux enfants.<\/p>\n\n<p><strong>Insight cl\u00e9 :<\/strong> de petits rituels r\u00e9p\u00e9t\u00e9s favorisent des souvenirs durables et structurent une parentalit\u00e9 positive, o\u00f9 la <strong>joie<\/strong> et le <strong>bonheur<\/strong> coexistent avec la protection et le soin.<\/p>\n\n<p><strong>Ressources utiles :<\/strong><\/p>\n\n<ul class=\"wp-block-list\"><li><a href=\"https:\/\/laviedebebe.com\/blog\/cles-reussir-gender-reveal\/\">Conseils pour organiser une annonce ma\u00eetris\u00e9e<\/a><\/li><li><a href=\"https:\/\/laviedebebe.com\/blog\/prenoms-masculins-populaires\/\">Id\u00e9es et tendances pour choisir un pr\u00e9nom<\/a><\/li><li><a href=\"https:\/\/laviedebebe.com\/blog\/cadeaux-personnalises-maitres\/\">Id\u00e9es de cadeaux personnalis\u00e9s pour marquer l\u2019arriv\u00e9e d\u2019un b\u00e9b\u00e9<\/a><\/li><\/ul>\n\n<script type=\"application\/ld+json\">\n{\"@context\":\"https:\/\/schema.org\",\"@type\":\"FAQPage\",\"mainEntity\":[{\"@type\":\"Question\",\"name\":\"Comment pru00e9parer lu2019au00eenu00e9 u00e0 lu2019arrivu00e9e du2019un nouveau bu00e9bu00e9 ?\",\"acceptedAnswer\":{\"@type\":\"Answer\",\"text\":\"Pru00e9parer lu2019au00eenu00e9 passe par lu2019explication simple de ce quu2019est un nouveau-nu00e9, le maintien de rituels exclusifs pour lui, et lu2019attribution de petites tu00e2ches valorisantes. Des rencontres progressives et la consultation du2019un professionnel en cas de signes de du00e9tresse sont des u00e9tapes conseillu00e9es.\"}},{\"@type\":\"Question\",\"name\":\"Quels sont les signes de surveillance post-partum importants ?\",\"acceptedAnswer\":{\"@type\":\"Answer\",\"text\":\"Surveiller les saignements excessifs, la fiu00e8vre, la douleur intense, une humeur du00e9pressive persistante ou tout signe du2019isolement social. En cas de doute, contacter un professionnel de santu00e9 pour un bilan rapide.\"}},{\"@type\":\"Question\",\"name\":\"Comment protu00e9ger la vie privu00e9e du2019un nouveau-nu00e9 lorsque les parents sont mu00e9diatisu00e9s ?\",\"acceptedAnswer\":{\"@type\":\"Answer\",\"text\":\"u00c9tablir des ru00e8gles claires, limiter les sorties publiques, du00e9lu00e9guer u00e0 des proches de confiance et communiquer de fau00e7on contru00f4lu00e9e via un canal choisi. La transparence adaptu00e9e aux enfants aide aussi u00e0 pru00e9server leur su00e9curitu00e9 u00e9motionnelle.\"}}]}\n<\/script>\n<h3>Comment pr\u00e9parer l\u2019a\u00een\u00e9 \u00e0 l\u2019arriv\u00e9e d\u2019un nouveau b\u00e9b\u00e9 ?<\/h3>\n<p>Pr\u00e9parer l\u2019a\u00een\u00e9 passe par l\u2019explication simple de ce qu\u2019est un nouveau-n\u00e9, le maintien de rituels exclusifs pour lui, et l\u2019attribution de petites t\u00e2ches valorisantes. Des rencontres progressives et la consultation d\u2019un professionnel en cas de signes de d\u00e9tresse sont des \u00e9tapes conseill\u00e9es.<\/p>\n<h3>Quels sont les signes de surveillance post-partum importants ?<\/h3>\n<p>Surveiller les saignements excessifs, la fi\u00e8vre, la douleur intense, une humeur d\u00e9pressive persistante ou tout signe d\u2019isolement social. En cas de doute, contacter un professionnel de sant\u00e9 pour un bilan rapide.<\/p>\n<h3>Comment prot\u00e9ger la vie priv\u00e9e d\u2019un nouveau-n\u00e9 lorsque les parents sont m\u00e9diatis\u00e9s ?<\/h3>\n<p>\u00c9tablir des r\u00e8gles claires, limiter les sorties publiques, d\u00e9l\u00e9guer \u00e0 des proches de confiance et communiquer de fa\u00e7on contr\u00f4l\u00e9e via un canal choisi. La transparence adapt\u00e9e aux enfants aide aussi \u00e0 pr\u00e9server leur s\u00e9curit\u00e9 \u00e9motionnelle.<\/p>\n\n","protected":false},"excerpt":{"rendered":"<p>En bref : Sienna Miller vient de donner naissance \u00e0 sa seconde fille : faits, contexte et retentissement m\u00e9diatique La nouvelle de la naissance de la seconde fille de Sienna Miller a \u00e9t\u00e9 confirm\u00e9e apr\u00e8s la publication de clich\u00e9s pris lors d\u2019une promenade dans les rues de Londres. Ces images, diffus\u00e9es le 3 janvier par &#8230; <a title=\"Sienna Miller c\u00e9l\u00e8bre la naissance de son deuxi\u00e8me enfant : une nouvelle aventure commence pour la jeune maman\" class=\"read-more\" href=\"https:\/\/laviedebebe.com\/blog\/sienna-miller-deuxieme-enfant\/\" aria-label=\"En savoir plus sur Sienna Miller c\u00e9l\u00e8bre la naissance de son deuxi\u00e8me enfant : une nouvelle aventure commence pour la jeune maman\">Read more<\/a><\/p>\n","protected":false},"author":1,"featured_media":0,"comment_status":"open","ping_status":"closed","sticky":false,"template":"","format":"standard","meta":{"footnotes":""},"categories":[20],"tags":[],"class_list":["post-1853","post","type-post","status-publish","format-standard","hentry","category-parent"],"_links":{"self":[{"href":"https:\/\/laviedebebe.com\/blog\/wp-json\/wp\/v2\/posts\/1853","targetHints":{"allow":["GET"]}}],"collection":[{"href":"https:\/\/laviedebebe.com\/blog\/wp-json\/wp\/v2\/posts"}],"about":[{"href":"https:\/\/laviedebebe.com\/blog\/wp-json\/wp\/v2\/types\/post"}],"author":[{"embeddable":true,"href":"https:\/\/laviedebebe.com\/blog\/wp-json\/wp\/v2\/users\/1"}],"replies":[{"embeddable":true,"href":"https:\/\/laviedebebe.com\/blog\/wp-json\/wp\/v2\/comments?post=1853"}],"version-history":[{"count":0,"href":"https:\/\/laviedebebe.com\/blog\/wp-json\/wp\/v2\/posts\/1853\/revisions"}],"wp:attachment":[{"href":"https:\/\/laviedebebe.com\/blog\/wp-json\/wp\/v2\/media?parent=1853"}],"wp:term":[{"taxonomy":"category","embeddable":true,"href":"https:\/\/laviedebebe.com\/blog\/wp-json\/wp\/v2\/categories?post=1853"},{"taxonomy":"post_tag","embeddable":true,"href":"https:\/\/laviedebebe.com\/blog\/wp-json\/wp\/v2\/tags?post=1853"}],"curies":[{"name":"wp","href":"https:\/\/api.w.org\/{rel}","templated":true}]}}