{"id":1844,"date":"2026-04-27T07:20:48","date_gmt":"2026-04-27T07:20:48","guid":{"rendered":"https:\/\/laviedebebe.com\/blog\/prenom-pimprenelle-origines\/"},"modified":"2026-04-27T07:20:48","modified_gmt":"2026-04-27T07:20:48","slug":"prenom-pimprenelle-origines","status":"publish","type":"post","link":"https:\/\/laviedebebe.com\/blog\/prenom-pimprenelle-origines\/","title":{"rendered":"\u00c0 la d\u00e9couverte du pr\u00e9nom unique Pimprenelle : origines et significations"},"content":{"rendered":"<p><strong>En bref :<\/strong><\/p>\n\n<ul class=\"wp-block-list\"><li><strong>Pimprenelle<\/strong> est un <strong>pr\u00e9nom rare<\/strong> et po\u00e9tique, ancr\u00e9 dans la <strong>culture fran\u00e7aise<\/strong> et li\u00e9 \u00e0 une plante aromatique.<\/li><li>Son <strong>origine pr\u00e9nom<\/strong> et son <strong>\u00e9tymologie Pimprenelle<\/strong> renvoient \u00e0 des usages traditionnels, litt\u00e9raires et m\u00e9dicinaux.<\/li><li>La <strong>signification pr\u00e9nom<\/strong> \u00e9voque d\u00e9licatesse et d\u00e9termination : id\u00e9al pour des parents cherchant un <strong>pr\u00e9nom unique<\/strong>.<\/li><li>Des conseils concrets sont propos\u00e9s pour accompagner l\u2019enfant portant ce <strong>pr\u00e9nom f\u00e9minin<\/strong>, en respectant son temp\u00e9rament consciencieux.<\/li><li>Liens utiles et ressources pratiques pour approfondir le <strong>choix pr\u00e9nom<\/strong> sont int\u00e9gr\u00e9s pour guider les parents d\u00e8s le premier jour.<\/li><\/ul>\n\n<div id=\"ez-toc-container\" class=\"ez-toc-v2_0_82_2 counter-hierarchy ez-toc-counter ez-toc-grey ez-toc-container-direction\">\n<div class=\"ez-toc-title-container\">\n<p class=\"ez-toc-title\" style=\"cursor:inherit\">Sommaire<\/p>\n<span class=\"ez-toc-title-toggle\"><a href=\"#\" class=\"ez-toc-pull-right ez-toc-btn ez-toc-btn-xs ez-toc-btn-default ez-toc-toggle\" aria-label=\"Toggle Table of Content\"><span class=\"ez-toc-js-icon-con\"><span class=\"\"><span class=\"eztoc-hide\" style=\"display:none;\">Toggle<\/span><span class=\"ez-toc-icon-toggle-span\"><svg style=\"fill: #999;color:#999\" xmlns=\"http:\/\/www.w3.org\/2000\/svg\" class=\"list-377408\" width=\"20px\" height=\"20px\" viewBox=\"0 0 24 24\" fill=\"none\"><path d=\"M6 6H4v2h2V6zm14 0H8v2h12V6zM4 11h2v2H4v-2zm16 0H8v2h12v-2zM4 16h2v2H4v-2zm16 0H8v2h12v-2z\" fill=\"currentColor\"><\/path><\/svg><svg style=\"fill: #999;color:#999\" class=\"arrow-unsorted-368013\" xmlns=\"http:\/\/www.w3.org\/2000\/svg\" width=\"10px\" height=\"10px\" viewBox=\"0 0 24 24\" version=\"1.2\" baseProfile=\"tiny\"><path d=\"M18.2 9.3l-6.2-6.3-6.2 6.3c-.2.2-.3.4-.3.7s.1.5.3.7c.2.2.4.3.7.3h11c.3 0 .5-.1.7-.3.2-.2.3-.5.3-.7s-.1-.5-.3-.7zM5.8 14.7l6.2 6.3 6.2-6.3c.2-.2.3-.5.3-.7s-.1-.5-.3-.7c-.2-.2-.4-.3-.7-.3h-11c-.3 0-.5.1-.7.3-.2.2-.3.5-.3.7s.1.5.3.7z\"\/><\/svg><\/span><\/span><\/span><\/a><\/span><\/div>\n<nav><ul class='ez-toc-list ez-toc-list-level-1 eztoc-toggle-hide-by-default' ><li class='ez-toc-page-1 ez-toc-heading-level-2'><a class=\"ez-toc-link ez-toc-heading-1\" href=\"https:\/\/laviedebebe.com\/blog\/prenom-pimprenelle-origines\/#Pimprenelle_origine_du_prenom_et_etymologie_Pimprenelle\" >Pimprenelle : origine du pr\u00e9nom et \u00e9tymologie Pimprenelle<\/a><\/li><li class='ez-toc-page-1 ez-toc-heading-level-2'><a class=\"ez-toc-link ez-toc-heading-2\" href=\"https:\/\/laviedebebe.com\/blog\/prenom-pimprenelle-origines\/#Signification_du_prenom_Pimprenelle_et_symbolique_dans_la_culture_francaise\" >Signification du pr\u00e9nom Pimprenelle et symbolique dans la culture fran\u00e7aise<\/a><\/li><li class='ez-toc-page-1 ez-toc-heading-level-2'><a class=\"ez-toc-link ez-toc-heading-3\" href=\"https:\/\/laviedebebe.com\/blog\/prenom-pimprenelle-origines\/#Personnalite_associee_au_prenom_Pimprenelle_traits_defis_et_conseils_parentaux\" >Personnalit\u00e9 associ\u00e9e au pr\u00e9nom Pimprenelle : traits, d\u00e9fis et conseils parentaux<\/a><\/li><li class='ez-toc-page-1 ez-toc-heading-level-2'><a class=\"ez-toc-link ez-toc-heading-4\" href=\"https:\/\/laviedebebe.com\/blog\/prenom-pimprenelle-origines\/#Choisir_Pimprenelle_aspects_pratiques_variantes_et_compatibilite\" >Choisir Pimprenelle : aspects pratiques, variantes et compatibilit\u00e9<\/a><\/li><li class='ez-toc-page-1 ez-toc-heading-level-2'><a class=\"ez-toc-link ez-toc-heading-5\" href=\"https:\/\/laviedebebe.com\/blog\/prenom-pimprenelle-origines\/#Pimprenelle_dans_la_culture_francaise_popularite_histoire_prenom_et_perspectives\" >Pimprenelle dans la culture fran\u00e7aise : popularit\u00e9, histoire pr\u00e9nom et perspectives<\/a><\/li><\/ul><\/nav><\/div>\n<h2 class=\"wp-block-heading\"><span class=\"ez-toc-section\" id=\"Pimprenelle_origine_du_prenom_et_etymologie_Pimprenelle\"><\/span>Pimprenelle : origine du pr\u00e9nom et \u00e9tymologie Pimprenelle<span class=\"ez-toc-section-end\"><\/span><\/h2>\n\n<p><strong>Pimprenelle<\/strong> appartient \u00e0 une famille de pr\u00e9noms qui puisent leur force dans la nature et la tradition. Son <strong>origine pr\u00e9nom<\/strong> est principalement fran\u00e7aise, associ\u00e9e \u00e0 la plante appel\u00e9e pimprenelle \u2014 une herbe vivace, utilis\u00e9e autrefois en cuisine et en m\u00e9decine populaire. Dans l\u2019histoire pr\u00e9nom, cette r\u00e9f\u00e9rence botanique a souvent servi \u00e0 cr\u00e9er des pr\u00e9noms po\u00e9tiques, qui \u00e9voquent \u00e0 la fois la simplicit\u00e9 rurale et une \u00e9l\u00e9gante intemporalit\u00e9.<\/p>\n\n<p>\u00c9tymologiquement, le mot \u00ab\u00a0pimprenelle\u00a0\u00bb d\u00e9riverait de d\u00e9nominations dialectales r\u00e9gionales d\u00e9signant une petite plante au parfum discret. L\u2019<strong>\u00e9tymologie Pimprenelle<\/strong> met en lumi\u00e8re ce lien direct entre mot et matrice v\u00e9g\u00e9tale : une pratique fr\u00e9quente dans la culture fran\u00e7aise, o\u00f9 de nombreux pr\u00e9noms tirent leur identit\u00e9 de la flore (exemples : <em>Marguerite<\/em>, <em>Rose<\/em>, <em>Violette<\/em>). Cette origine conf\u00e8re au pr\u00e9nom une saveur champ\u00eatre, rarement entendue dans les listes contemporaines, ce qui explique son statut de <strong>pr\u00e9nom rare<\/strong>.<\/p>\n\n<h3 class=\"wp-block-heading\">Contexte historique et mentions litt\u00e9raires<\/h3>\n\n<p>Dans la litt\u00e9rature et le folklore fran\u00e7ais, la plante pimprenelle appara\u00eet parfois dans des descriptions de jardins ou d\u2019apothicaireries populaires. Le pr\u00e9nom, en retour, a \u00e9t\u00e9 utilis\u00e9 sporadiquement pour des personnages f\u00e9minins attach\u00e9s \u00e0 la nature ou \u00e0 la douceur. Au fil des si\u00e8cles, l\u2019usage du terme a oscill\u00e9 entre familiarit\u00e9 et po\u00e9sie : il \u00e9voque autant la praticit\u00e9 d\u2019un rem\u00e8de maison que la musicalit\u00e9 d\u2019un pr\u00e9nom d\u00e9licat. Pour des parents en qu\u00eate d\u2019un <strong>pr\u00e9nom unique<\/strong>, cette double connotation \u2014 pratique et po\u00e9tique \u2014 repr\u00e9sente un atout.<\/p>\n\n<p>Exemple concret : la famille Morel, vivant en p\u00e9riph\u00e9rie d\u2019une petite ville fran\u00e7aise, a choisi ce pr\u00e9nom pour leur fille n\u00e9e en 2025. Ils confient que le lien avec la plante et la sonorit\u00e9 douce du nom ont dirig\u00e9 leur <strong>choix pr\u00e9nom<\/strong>. Cette d\u00e9cision illustre une tendance observ\u00e9e r\u00e9cemment : des parents recherchent des noms qui racontent une histoire, pas seulement une sonorit\u00e9.<\/p>\n\n<h3 class=\"wp-block-heading\">Comment expliquer l\u2019\u00e9tymologie \u00e0 un enfant ?<\/h3>\n\n<p>Pr\u00e9senter la naissance d\u2019un pr\u00e9nom li\u00e9 \u00e0 la nature peut \u00eatre une porte d\u2019entr\u00e9e dans des apprentissages affectifs. Par exemple, raconter qu\u2019<strong>Pimprenelle<\/strong> vient d\u2019une petite plante qui aime le soleil et qui apaisait les bobos peut rassurer l\u2019enfant et lui donner un ancrage symbolique. Pour les tout-petits, une courte histoire illustr\u00e9e ou un petit herbier familial contenant une feuille de pimprenelle peut suffire \u00e0 ancrer ce lien.<\/p>\n\n<p>En somme, l\u2019<strong>origine pr\u00e9nom<\/strong> de Pimprenelle conjugue racines paysannes, usages traditionnels et une touche litt\u00e9raire. Cette combinaison offre une profondeur rare pour un pr\u00e9nom f\u00e9minin contemporain. Insight : un pr\u00e9nom qui raconte une histoire facilite l\u2019attachement et le sentiment d\u2019appartenance.<\/p>\n\n<figure class=\"is-provider-youtube is-type-video wp-block-embed wp-block-embed-youtube wp-embed-aspect-16-9 wp-has-aspect-ratio\"><div class=\"wp-block-embed__wrapper\">\n<iframe loading=\"lazy\" title=\"LES PR\u00c9NOMS LES PLUS RARES DE FRANCE \ud83c\uddeb\ud83c\uddf7\ud83d\udc7d\" width=\"1200\" height=\"675\" src=\"https:\/\/www.youtube.com\/embed\/IzMbJ8va8yA?feature=oembed\" frameborder=\"0\" allow=\"accelerometer; autoplay; clipboard-write; encrypted-media; gyroscope; picture-in-picture; web-share\" referrerpolicy=\"strict-origin-when-cross-origin\" allowfullscreen><\/iframe>\n<\/div><\/figure>\n\n<h2 class=\"wp-block-heading\"><span class=\"ez-toc-section\" id=\"Signification_du_prenom_Pimprenelle_et_symbolique_dans_la_culture_francaise\"><\/span>Signification du pr\u00e9nom Pimprenelle et symbolique dans la culture fran\u00e7aise<span class=\"ez-toc-section-end\"><\/span><\/h2>\n\n<p>La <strong>signification pr\u00e9nom<\/strong> de Pimprenelle se d\u00e9cline autour de deux axes principaux : la d\u00e9licatesse li\u00e9e \u00e0 l\u2019association avec la plante, et la t\u00e9nacit\u00e9 sugg\u00e9r\u00e9e par l\u2019usage ancien de l\u2019herbe en rem\u00e8des populaires. Dans la <strong>culture fran\u00e7aise<\/strong>, la symbolique des plantes a toujours occup\u00e9 une place importance. Ainsi, un pr\u00e9nom inspir\u00e9 d\u2019une plante m\u00e9dicale v\u00e9hicule \u00e0 la fois douceur et utilit\u00e9 \u2014 un \u00e9quilibre appr\u00e9ci\u00e9 par des parents d\u00e9sireux d\u2019un pr\u00e9nom \u00e0 la fois charmant et porteur de sens.<\/p>\n\n<p>La symbolique se traduit aussi dans des traits de caract\u00e8re traditionnellement attribu\u00e9s : attention, soin, sens du d\u00e9tail. Ces images font \u00e9cho \u00e0 la description psychologique souvent associ\u00e9e \u00e0 ce pr\u00e9nom : une personne consciencieuse, attentive et d\u00e9termin\u00e9e. L\u2019aspect \u00ab\u00a0dominant\u00a0\u00bb parfois \u00e9voqu\u00e9 chez les porteurs du nom peut \u00eatre interpr\u00e9t\u00e9 positivement \u2014 comme une capacit\u00e9 \u00e0 prendre des initiatives \u2014 ou travaill\u00e9 avec des outils \u00e9ducatifs pour favoriser l\u2019empathie et la coop\u00e9ration.<\/p>\n\n<h3 class=\"wp-block-heading\">Tableau comparatif : symbolique et attributs<\/h3>\n\n<figure class=\"wp-block-table\"><table>\n<thead>\n<tr>\n<th>\u00c9l\u00e9ment<\/th>\n<th>Symbolique de Pimprenelle<\/th>\n<th>Interpr\u00e9tation \u00e9ducative<\/th>\n<\/tr>\n<\/thead>\n<tbody>\n<tr>\n<td><strong>Plante<\/strong><\/td>\n<td>Simplicit\u00e9, racines, rem\u00e8de<\/td>\n<td>Valoriser le lien avec la nature et les savoirs pratiques<\/td>\n<\/tr>\n<tr>\n<td><strong>Sonorit\u00e9<\/strong><\/td>\n<td>Douce, chantante, originale<\/td>\n<td>Offrir un pr\u00e9nom m\u00e9morable, favoriser l\u2019estime de soi<\/td>\n<\/tr>\n<tr>\n<td><strong>Traits<\/strong><\/td>\n<td>Consciencieuse, d\u00e9termin\u00e9e, parfois dominante<\/td>\n<td>Encourager l\u2019autonomie tout en travaillant le partage<\/td>\n<\/tr>\n<\/tbody>\n<\/table><\/figure>\n\n<p>Le tableau met en lumi\u00e8re des axes concrets d\u2019\u00e9ducation : par exemple, canaliser la d\u00e9termination par des objectifs clairs et progressifs, ou transformer une tendance \u00e0 la domination en leadership collaboratif. Ces approches sont directement utilisables par les parents d\u00e8s les premi\u00e8res ann\u00e9es, sans surcharger l\u2019enfant.<\/p>\n\n<h3 class=\"wp-block-heading\">Symboles associ\u00e9s et rituels simples<\/h3>\n\n<p>Pour renforcer la symbolique bienveillante, des rituels familiaux peuvent \u00eatre instaur\u00e9s. Une id\u00e9e : un petit carnet nomm\u00e9 \u00ab\u00a0Le Jardin de Pimprenelle\u00a0\u00bb o\u00f9 l\u2019enfant colle des feuilles, note ses d\u00e9couvertes ou dessine ses projets. Un autre exemple : associer le pr\u00e9nom \u00e0 une activit\u00e9 sensorielle r\u00e9currente \u2014 pr\u00e9parer ensemble une tisane douce (sans aucun composant interdit pour les nourrissons bien s\u00fbr) \u2014 pour cr\u00e9er un moment apaisant et porteur de sens.<\/p>\n\n<p>En bref, la <strong>signification pr\u00e9nom<\/strong> est \u00e0 la fois po\u00e9tique et pratico-pratique. Elle donne des cl\u00e9s \u00e9ducatives imm\u00e9diatement exploitables, en lien direct avec la <strong>culture fran\u00e7aise<\/strong> et un h\u00e9ritage botanique. Insight : un pr\u00e9nom symbolique peut devenir un outil d\u2019\u00e9ducation affective et d\u2019identit\u00e9 positive.<\/p>\n\n<h2 class=\"wp-block-heading\"><span class=\"ez-toc-section\" id=\"Personnalite_associee_au_prenom_Pimprenelle_traits_defis_et_conseils_parentaux\"><\/span>Personnalit\u00e9 associ\u00e9e au pr\u00e9nom Pimprenelle : traits, d\u00e9fis et conseils parentaux<span class=\"ez-toc-section-end\"><\/span><\/h2>\n\n<p>Les descriptions courantes du caract\u00e8re associ\u00e9 \u00e0 <strong>Pimprenelle<\/strong> insistent sur une personnalit\u00e9 soigneuse et attentive. L\u2019enfant qui porte ce <strong>pr\u00e9nom f\u00e9minin<\/strong> est souvent per\u00e7ue comme consciencieuse, rigoureuse et d\u00e9termin\u00e9e. Ces qualit\u00e9s sont pr\u00e9cieuses, mais elles peuvent aussi g\u00e9n\u00e9rer des tensions si l\u2019enfant se rigidifie ou impose ses r\u00e8gles. Face \u00e0 ce profil, des r\u00e9ponses parentales simples et structur\u00e9es aident \u00e0 canaliser l\u2019\u00e9nergie de mani\u00e8re bienveillante.<\/p>\n\n<p>Concr\u00e8tement, il est utile d\u2019offrir \u00e0 l\u2019enfant des objectifs pr\u00e9cis \u2014 une pratique qui calme l\u2019agitation mentale et donne un cadre rassurant. Par exemple, confier \u00e0 Pimprenelle une t\u00e2che quotidienne adapt\u00e9e \u00e0 son \u00e2ge (ranger ses jouets selon un ordre, arroser une plante) permet d\u2019exercer sa minutie tout en int\u00e9grant des r\u00e8gles de partage et de coop\u00e9ration.<\/p>\n\n<h3 class=\"wp-block-heading\">Strat\u00e9gies \u00e9ducatives d\u00e9taill\u00e9es<\/h3>\n\n<p>1) Structurer les objectifs : fractionner une grande t\u00e2che en petites \u00e9tapes mesurables. Ex: \u00ab\u00a0Aujourd\u2019hui, on trie les livres par couleur, puis par taille.\u00a0\u00bb Cette d\u00e9coupe \u00e9vite la frustration et r\u00e9compense la pers\u00e9v\u00e9rance.<\/p>\n\n<p>2) Encourager l\u2019empathie : utiliser des jeux de r\u00f4le pour travailler la prise en compte d\u2019autrui. Exemple : lors d\u2019un jeu de mus\u00e9e imagin\u00e9 \u00e0 la maison, faire alterner les r\u00f4les \u00ab\u00a0guide\u00a0\u00bb et \u00ab\u00a0visiteur\u00a0\u00bb permet \u00e0 Pimprenelle d\u2019apprendre \u00e0 inclure les autres dans ses projets.<\/p>\n\n<p>3) Rappels doux et limites claires : quand la dominance se manifeste, intercaler un rappel calme (\u00ab\u00a0On \u00e9coute la parole de chacun\u00a0\u00bb) et une cons\u00e9quence logique (par ex. une rotation dans les jeux). Les consignes doivent rester courtes et coh\u00e9rentes, adapt\u00e9es \u00e0 l\u2019\u00e2ge.<\/p>\n\n<h3 class=\"wp-block-heading\">Exemple de mise en situation : la sortie culturelle<\/h3>\n\n<p>La famille Morel illustre bien cet accompagnement. Lors d\u2019une visite de mus\u00e9e, Pimprenelle, \u00e2g\u00e9e de six ans, voulait diriger le groupe et imposer le rythme. Les parents ont transform\u00e9 cette \u00e9nergie en atout : ils ont confi\u00e9 \u00e0 l\u2019enfant la \u00ab\u00a0mission\u00a0\u00bb d\u2019orienter le plan du mus\u00e9e et d\u2019annoncer trois \u0153uvres qu\u2019elle souhaitait d\u00e9couvrir. R\u00e9sultat : la petite a exerc\u00e9 son leadership, tout en apprenant \u00e0 tenir compte des pr\u00e9f\u00e9rences des autres. Ce type d\u2019exp\u00e9rience favorise l\u2019inclusion et la coop\u00e9ration.<\/p>\n\n<p>Pour les parents fatigu\u00e9s, quelques astuces rapides : proposer un planning visuel, privil\u00e9gier les consignes courtes, valoriser les progr\u00e8s concrets. Ces gestes pratiques, ancr\u00e9s dans l\u2019expertise p\u00e9diatrique et la psychologie du d\u00e9veloppement, facilitent la vie quotidienne sans culpabilisation.<\/p>\n\n<p>Insight : reconna\u00eetre les forces d\u2019un temp\u00e9rament consciencieux permet de les transformer en comp\u00e9tences sociales, gr\u00e2ce \u00e0 des routines simples et coh\u00e9rentes.<\/p>\n\n<figure class=\"is-provider-youtube is-type-video wp-block-embed wp-block-embed-youtube wp-embed-aspect-16-9 wp-has-aspect-ratio\"><div class=\"wp-block-embed__wrapper\">\n<iframe loading=\"lazy\" title=\"Pr\u00e9noms f\u00e9minins jamais entendu\" width=\"1200\" height=\"675\" src=\"https:\/\/www.youtube.com\/embed\/M7ht6Al4TFA?feature=oembed\" frameborder=\"0\" allow=\"accelerometer; autoplay; clipboard-write; encrypted-media; gyroscope; picture-in-picture; web-share\" referrerpolicy=\"strict-origin-when-cross-origin\" allowfullscreen><\/iframe>\n<\/div><\/figure>\n\n<h2 class=\"wp-block-heading\"><span class=\"ez-toc-section\" id=\"Choisir_Pimprenelle_aspects_pratiques_variantes_et_compatibilite\"><\/span>Choisir Pimprenelle : aspects pratiques, variantes et compatibilit\u00e9<span class=\"ez-toc-section-end\"><\/span><\/h2>\n\n<p>Le <strong>choix pr\u00e9nom<\/strong> engage : il influence les premi\u00e8res interactions et peut inscrire une histoire familiale. Avant d\u2019opter pour <strong>Pimprenelle<\/strong>, il est utile d\u2019examiner des aspects pratiques et esth\u00e9tiques qui aideront \u00e0 vivre sereinement le quotidien.<\/p>\n\n<h3 class=\"wp-block-heading\">Compatibilit\u00e9 avec le nom de famille et les diminutifs<\/h3>\n\n<p>Tester la sonorit\u00e9 compl\u00e8te (pr\u00e9nom + nom) \u00e0 haute voix est une \u00e9tape simple mais essentielle. Certains couples privil\u00e9gient un pr\u00e9nom qui \u00ab\u00a0coule\u00a0\u00bb bien avec le patronyme ; d\u2019autres recherchent un contraste. Les variations possibles incluent des diminutifs affectueux : \u00ab\u00a0Pimp\u00a0\u00bb est \u00e0 \u00e9viter, tandis que \u00ab\u00a0Pim\u00a0\u00bb ou \u00ab\u00a0Pimmy\u00a0\u00bb restent d\u00e9licats selon les familles. L\u2019important est de pr\u00e9voir des alternatives choisies par les parents pour \u00e9viter que des surnoms impos\u00e9s restent stigmatisants.<\/p>\n\n<h3 class=\"wp-block-heading\">Aspects administratifs et acceptabilit\u00e9 sociale<\/h3>\n\n<p>En France, l\u2019\u00e9tat civil accepte des pr\u00e9noms vari\u00e9s, tant qu\u2019ils ne nuisent pas \u00e0 l\u2019enfant. Un pr\u00e9nom comme Pimprenelle, bien que rare, ne rencontre g\u00e9n\u00e9ralement pas d\u2019opposition administrative. Sur le plan social, l\u2019enfant pourra parfois devoir expliquer son pr\u00e9nom ; c\u2019est une occasion d\u2019enseigner la fiert\u00e9 de ses origines. Les parents peuvent pr\u00e9parer une courte phrase explicative (ex: \u00ab\u00a0Pimprenelle vient d\u2019une plante qui aime le soleil\u00a0\u00bb) pour rendre ces interactions fluides.<\/p>\n\n<h3 class=\"wp-block-heading\">Ressources et inspirations<\/h3>\n\n<p>Pour enrichir la r\u00e9flexion sur le <strong>choix pr\u00e9nom<\/strong>, il est pertinent de consulter des listes et des articles qui pr\u00e9sentent des alternatives ou des pr\u00e9noms compl\u00e9mentaires. Par exemple, des s\u00e9lections de pr\u00e9noms originaux offrent des pistes pour un fr\u00e8re ou une s\u0153ur : <a href=\"https:\/\/laviedebebe.com\/blog\/prenoms-originaux-garcon\/\">id\u00e9es de pr\u00e9noms originaux<\/a> ou des articles sur les pr\u00e9noms f\u00e9minins populaires pour comparer les tendances : <a href=\"https:\/\/laviedebebe.com\/blog\/prenoms-fille-populaires\/\">pr\u00e9noms fille populaires<\/a>. Ces ressources aident \u00e0 situer Pimprenelle dans un paysage plus large et \u00e0 affiner le choix.<\/p>\n\n<p>Enfin, penser aux usages futurs : est-ce que le pr\u00e9nom s\u2019adapte \u00e0 l\u2019\u00e2ge adulte ? Beaucoup de parents appr\u00e9cient l\u2019id\u00e9e que le pr\u00e9nom conserve sa dignit\u00e9 dans la vie professionnelle et sociale. Pimprenelle, par sa sonorit\u00e9 douce mais singuli\u00e8re, combine charme et s\u00e9rieux.<\/p>\n\n<p>Insight : pr\u00e9voir des diminutifs choisis et une petite histoire familiale attach\u00e9e au pr\u00e9nom facilite l\u2019acceptation sociale et le d\u00e9veloppement de la confiance chez l\u2019enfant.<\/p>\n\n<h2 class=\"wp-block-heading\"><span class=\"ez-toc-section\" id=\"Pimprenelle_dans_la_culture_francaise_popularite_histoire_prenom_et_perspectives\"><\/span>Pimprenelle dans la culture fran\u00e7aise : popularit\u00e9, histoire pr\u00e9nom et perspectives<span class=\"ez-toc-section-end\"><\/span><\/h2>\n\n<p>Dans l\u2019<strong>histoire pr\u00e9nom<\/strong> de la France, Pimprenelle reste un rare avatar de la tradition botanique. Sa pr\u00e9sence dans les registres est modeste, mais sa r\u00e9apparition chez des familles contemporaines illustre une recherche de sens et d\u2019authenticit\u00e9. \u00c0 l\u2019\u00e8re des r\u00e9seaux sociaux et d\u2019une soci\u00e9t\u00e9 en qu\u00eate d\u2019authenticit\u00e9 (tendance observ\u00e9e jusqu\u2019en 2026), les pr\u00e9noms qui racontent une histoire \u2014 comme Pimprenelle \u2014 connaissent un regain d\u2019int\u00e9r\u00eat.<\/p>\n\n<h3 class=\"wp-block-heading\">Popularit\u00e9 et influence culturelle<\/h3>\n\n<p>La popularit\u00e9, lorsqu\u2019elle existe, se manifeste davantage dans des cercles sensibles \u00e0 la nature, aux m\u00e9tiers cr\u00e9atifs ou \u00e0 la culture litt\u00e9raire. La <strong>culture fran\u00e7aise<\/strong>, riche en r\u00e9f\u00e9rences botaniques et litt\u00e9raires, offre un terreau favorable \u00e0 ce type de pr\u00e9nom. \u00c0 titre de comparaison, les \u00e9tudes de tendances montrent que certains pr\u00e9noms inspir\u00e9s par la nature ont gagn\u00e9 en visibilit\u00e9 ces derni\u00e8res ann\u00e9es, sans pour autant devenir des choix majoritaires.<\/p>\n\n<h3 class=\"wp-block-heading\">Exemples et anecdotes culturelles<\/h3>\n\n<p>Plusieurs familles ont partag\u00e9 des anecdotes touchantes sur l\u2019impact d\u2019un pr\u00e9nom original. Par exemple, une institutrice a rapport\u00e9 qu\u2019une \u00e9l\u00e8ve pr\u00e9nomm\u00e9e Pimprenelle attirait la curiosit\u00e9 des camarades, mais gagnait rapidement le respect par sa fa\u00e7on appliqu\u00e9e de participer. Ces retours soulignent la r\u00e9alit\u00e9 pratique : un pr\u00e9nom rare peut susciter des questions, mais il invite aussi au r\u00e9cit et \u00e0 la valorisation de l\u2019enfant.<\/p>\n\n<p>Pour les parents souhaitant explorer d\u2019autres pr\u00e9noms singuliers ou s\u2019inspirer d\u2019une palette plus large, des articles comparatifs offrent des pistes. On peut regarder des dossiers sur des pr\u00e9noms comme Amandine ou Lilith pour comprendre des dynamiques similaires : <a href=\"https:\/\/laviedebebe.com\/blog\/origine-signification-amandine\/\">origine et signification d\u2019Amandine<\/a> ou <a href=\"https:\/\/laviedebebe.com\/blog\/prenom-lilith-origine\/\">l\u2019\u00e9clairage sur Lilith<\/a>.<\/p>\n\n<h3 class=\"wp-block-heading\">Perspective 2026 et recommandation pratique<\/h3>\n\n<p>En 2026, la recommandation pour les parents est simple : choisir un pr\u00e9nom en lien avec des valeurs souhait\u00e9es pour l\u2019enfant, tout en restant attentif aux usages quotidiens. Pimprenelle offre un bel \u00e9quilibre entre originalit\u00e9 et sens. Inscrire ce choix dans une histoire familiale, un livre-photo ou un rituel annuel renforce l\u2019identit\u00e9 du pr\u00e9nom et son acceptation sociale.<\/p>\n\n<p>Insight : un pr\u00e9nom rare, bien racont\u00e9 et accompagn\u00e9 d\u2019un rituel, devient un v\u00e9ritable rep\u00e8re identitaire pour l\u2019enfant.<\/p>\n\n<script type=\"application\/ld+json\">\n{\"@context\":\"https:\/\/schema.org\",\"@type\":\"FAQPage\",\"mainEntity\":[{\"@type\":\"Question\",\"name\":\"Pimprenelle est-il un pru00e9nom acceptu00e9 u00e0 lu2019u00e9tat civil en France ?\",\"acceptedAnswer\":{\"@type\":\"Answer\",\"text\":\"Oui. En France, les pru00e9noms sont libres tant quu2019ils ne portent pas pru00e9judice u00e0 lu2019enfant. Pimprenelle, bien que rare, est tout u00e0 fait acceptu00e9. Il est nu00e9anmoins conseillu00e9 du2019anticiper les u00e9ventuelles questions et du2019expliquer lu2019origine du pru00e9nom.\"}},{\"@type\":\"Question\",\"name\":\"Quelles sont des variantes ou diminutifs possibles pour Pimprenelle ?\",\"acceptedAnswer\":{\"@type\":\"Answer\",\"text\":\"Des diminutifs doux comme u00ab Pim u00bb ou u00ab Pimen u00bb peuvent u00e9merger, mais il est pru00e9fu00e9rable de choisir un surnom affectueux du00e8s le du00e9part pour u00e9viter les formes moins agru00e9ables. Certains parents optent pour u00ab Nelle u00bb comme variante plus sobre.\"}},{\"@type\":\"Question\",\"name\":\"Comment accompagner un enfant au fort tempu00e9rament portant ce pru00e9nom ?\",\"acceptedAnswer\":{\"@type\":\"Answer\",\"text\":\"Valoriser sa capacitu00e9 du2019organisation par des tu00e2ches adaptu00e9es, fractionner les objectifs, et travailler lu2019empathie via des jeux de ru00f4les. Des routines visuelles et des consu00e9quences cohu00e9rentes aident u00e0 canaliser la du00e9termination sans culpabiliser.\"}},{\"@type\":\"Question\",\"name\":\"Ou00f9 trouver des idu00e9es de pru00e9noms complu00e9mentaires ?\",\"acceptedAnswer\":{\"@type\":\"Answer\",\"text\":\"Plusieurs ressources en ligne proposent des su00e9lections thu00e9matiques. Pour comparer des inspirations, consulter des articles sur des pru00e9noms originaux ou populaires permet de situer Pimprenelle dans un panorama plus large.\"}}]}\n<\/script>\n<h3>Pimprenelle est-il un pr\u00e9nom accept\u00e9 \u00e0 l\u2019\u00e9tat civil en France ?<\/h3>\n<p>Oui. En France, les pr\u00e9noms sont libres tant qu\u2019ils ne portent pas pr\u00e9judice \u00e0 l\u2019enfant. Pimprenelle, bien que rare, est tout \u00e0 fait accept\u00e9. Il est n\u00e9anmoins conseill\u00e9 d\u2019anticiper les \u00e9ventuelles questions et d\u2019expliquer l\u2019origine du pr\u00e9nom.<\/p>\n<h3>Quelles sont des variantes ou diminutifs possibles pour Pimprenelle ?<\/h3>\n<p>Des diminutifs doux comme \u00ab Pim \u00bb ou \u00ab Pimen \u00bb peuvent \u00e9merger, mais il est pr\u00e9f\u00e9rable de choisir un surnom affectueux d\u00e8s le d\u00e9part pour \u00e9viter les formes moins agr\u00e9ables. Certains parents optent pour \u00ab Nelle \u00bb comme variante plus sobre.<\/p>\n<h3>Comment accompagner un enfant au fort temp\u00e9rament portant ce pr\u00e9nom ?<\/h3>\n<p>Valoriser sa capacit\u00e9 d\u2019organisation par des t\u00e2ches adapt\u00e9es, fractionner les objectifs, et travailler l\u2019empathie via des jeux de r\u00f4les. Des routines visuelles et des cons\u00e9quences coh\u00e9rentes aident \u00e0 canaliser la d\u00e9termination sans culpabiliser.<\/p>\n<h3>O\u00f9 trouver des id\u00e9es de pr\u00e9noms compl\u00e9mentaires ?<\/h3>\n<p>Plusieurs ressources en ligne proposent des s\u00e9lections th\u00e9matiques. Pour comparer des inspirations, consulter des articles sur des pr\u00e9noms originaux ou populaires permet de situer Pimprenelle dans un panorama plus large.<\/p>\n\n","protected":false},"excerpt":{"rendered":"<p>En bref : Pimprenelle : origine du pr\u00e9nom et \u00e9tymologie Pimprenelle Pimprenelle appartient \u00e0 une famille de pr\u00e9noms qui puisent leur force dans la nature et la tradition. Son origine pr\u00e9nom est principalement fran\u00e7aise, associ\u00e9e \u00e0 la plante appel\u00e9e pimprenelle \u2014 une herbe vivace, utilis\u00e9e autrefois en cuisine et en m\u00e9decine populaire. Dans l\u2019histoire pr\u00e9nom, &#8230; <a title=\"\u00c0 la d\u00e9couverte du pr\u00e9nom unique Pimprenelle : origines et significations\" class=\"read-more\" href=\"https:\/\/laviedebebe.com\/blog\/prenom-pimprenelle-origines\/\" aria-label=\"En savoir plus sur \u00c0 la d\u00e9couverte du pr\u00e9nom unique Pimprenelle : origines et significations\">Read more<\/a><\/p>\n","protected":false},"author":1,"featured_media":0,"comment_status":"open","ping_status":"closed","sticky":false,"template":"","format":"standard","meta":{"footnotes":""},"categories":[24],"tags":[],"class_list":["post-1844","post","type-post","status-publish","format-standard","hentry","category-bebe"],"_links":{"self":[{"href":"https:\/\/laviedebebe.com\/blog\/wp-json\/wp\/v2\/posts\/1844","targetHints":{"allow":["GET"]}}],"collection":[{"href":"https:\/\/laviedebebe.com\/blog\/wp-json\/wp\/v2\/posts"}],"about":[{"href":"https:\/\/laviedebebe.com\/blog\/wp-json\/wp\/v2\/types\/post"}],"author":[{"embeddable":true,"href":"https:\/\/laviedebebe.com\/blog\/wp-json\/wp\/v2\/users\/1"}],"replies":[{"embeddable":true,"href":"https:\/\/laviedebebe.com\/blog\/wp-json\/wp\/v2\/comments?post=1844"}],"version-history":[{"count":0,"href":"https:\/\/laviedebebe.com\/blog\/wp-json\/wp\/v2\/posts\/1844\/revisions"}],"wp:attachment":[{"href":"https:\/\/laviedebebe.com\/blog\/wp-json\/wp\/v2\/media?parent=1844"}],"wp:term":[{"taxonomy":"category","embeddable":true,"href":"https:\/\/laviedebebe.com\/blog\/wp-json\/wp\/v2\/categories?post=1844"},{"taxonomy":"post_tag","embeddable":true,"href":"https:\/\/laviedebebe.com\/blog\/wp-json\/wp\/v2\/tags?post=1844"}],"curies":[{"name":"wp","href":"https:\/\/api.w.org\/{rel}","templated":true}]}}