{"id":1841,"date":"2026-04-26T06:31:34","date_gmt":"2026-04-26T06:31:34","guid":{"rendered":"https:\/\/laviedebebe.com\/blog\/fente-labio-palatine-bebe\/"},"modified":"2026-04-26T06:31:34","modified_gmt":"2026-04-26T06:31:34","slug":"fente-labio-palatine-bebe","status":"publish","type":"post","link":"https:\/\/laviedebebe.com\/blog\/fente-labio-palatine-bebe\/","title":{"rendered":"Fente labio-palatine : comment accompagner au mieux votre b\u00e9b\u00e9 d\u00e8s les premiers jours ?"},"content":{"rendered":"<p>\n<strong>En bref :<\/strong>\n<\/p>\n\n<ul class=\"wp-block-list\"><li><strong>D\u00e9tection<\/strong> : la <strong>Fente labio-palatine<\/strong> peut \u00eatre rep\u00e9r\u00e9e au deuxi\u00e8me trimestre mais reste parfois invisible avant la naissance.<\/li><li><strong>Premiers jours<\/strong> : l&rsquo;<strong>Accompagnement<\/strong> se joue d\u00e8s les premi\u00e8res heures avec des <strong>soins n\u00e9onatals<\/strong> adapt\u00e9s (alimentation, positionnement, accessoires sp\u00e9cifiques).<\/li><li><strong>Soins et chirurgie<\/strong> : un parcours multidisciplinaire est mis en place, avec une premi\u00e8re op\u00e9ration souvent autour de 3 mois et un suivi jusqu\u2019\u00e0 l\u2019adolescence.<\/li><li><strong>Soutien parental<\/strong> : information claire, r\u00e9seaux de pairs et soutien psychologique r\u00e9duisent l\u2019anxi\u00e9t\u00e9 et favorisent le lien parent-b\u00e9b\u00e9.<\/li><li><strong>D\u00e9veloppement b\u00e9b\u00e9<\/strong> : orthophonie, orthodontie et suivi ORL prot\u00e8gent le langage, l\u2019audition et la croissance faciale.<\/li><\/ul>\n\n<div id=\"ez-toc-container\" class=\"ez-toc-v2_0_82_2 counter-hierarchy ez-toc-counter ez-toc-grey ez-toc-container-direction\">\n<div class=\"ez-toc-title-container\">\n<p class=\"ez-toc-title\" style=\"cursor:inherit\">Sommaire<\/p>\n<span class=\"ez-toc-title-toggle\"><a href=\"#\" class=\"ez-toc-pull-right ez-toc-btn ez-toc-btn-xs ez-toc-btn-default ez-toc-toggle\" aria-label=\"Toggle Table of Content\"><span class=\"ez-toc-js-icon-con\"><span class=\"\"><span class=\"eztoc-hide\" style=\"display:none;\">Toggle<\/span><span class=\"ez-toc-icon-toggle-span\"><svg style=\"fill: #999;color:#999\" xmlns=\"http:\/\/www.w3.org\/2000\/svg\" class=\"list-377408\" width=\"20px\" height=\"20px\" viewBox=\"0 0 24 24\" fill=\"none\"><path d=\"M6 6H4v2h2V6zm14 0H8v2h12V6zM4 11h2v2H4v-2zm16 0H8v2h12v-2zM4 16h2v2H4v-2zm16 0H8v2h12v-2z\" fill=\"currentColor\"><\/path><\/svg><svg style=\"fill: #999;color:#999\" class=\"arrow-unsorted-368013\" xmlns=\"http:\/\/www.w3.org\/2000\/svg\" width=\"10px\" height=\"10px\" viewBox=\"0 0 24 24\" version=\"1.2\" baseProfile=\"tiny\"><path d=\"M18.2 9.3l-6.2-6.3-6.2 6.3c-.2.2-.3.4-.3.7s.1.5.3.7c.2.2.4.3.7.3h11c.3 0 .5-.1.7-.3.2-.2.3-.5.3-.7s-.1-.5-.3-.7zM5.8 14.7l6.2 6.3 6.2-6.3c.2-.2.3-.5.3-.7s-.1-.5-.3-.7c-.2-.2-.4-.3-.7-.3h-11c-.3 0-.5.1-.7.3-.2.2-.3.5-.3.7s.1.5.3.7z\"\/><\/svg><\/span><\/span><\/span><\/a><\/span><\/div>\n<nav><ul class='ez-toc-list ez-toc-list-level-1 eztoc-toggle-hide-by-default' ><li class='ez-toc-page-1 ez-toc-heading-level-2'><a class=\"ez-toc-link ez-toc-heading-1\" href=\"https:\/\/laviedebebe.com\/blog\/fente-labio-palatine-bebe\/#Fente_labio-palatine_detection_pendant_la_grossesse_et_annonce_aux_parents\" >Fente labio-palatine : d\u00e9tection pendant la grossesse et annonce aux parents<\/a><\/li><li class='ez-toc-page-1 ez-toc-heading-level-2'><a class=\"ez-toc-link ez-toc-heading-2\" href=\"https:\/\/laviedebebe.com\/blog\/fente-labio-palatine-bebe\/#Soins_neonatals_et_alimentation_gestes_concrets_pour_les_premiers_jours\" >Soins n\u00e9onatals et alimentation : gestes concrets pour les premiers jours<\/a><\/li><li class='ez-toc-page-1 ez-toc-heading-level-2'><a class=\"ez-toc-link ez-toc-heading-3\" href=\"https:\/\/laviedebebe.com\/blog\/fente-labio-palatine-bebe\/#Parcours_chirurgical_calendrier_des_operations_et_role_des_equipes\" >Parcours chirurgical : calendrier des op\u00e9rations et r\u00f4le des \u00e9quipes<\/a><\/li><li class='ez-toc-page-1 ez-toc-heading-level-2'><a class=\"ez-toc-link ez-toc-heading-4\" href=\"https:\/\/laviedebebe.com\/blog\/fente-labio-palatine-bebe\/#Soutien_parental_accompagnement_emotionnel_et_ressources_pratiques\" >Soutien parental, accompagnement \u00e9motionnel et ressources pratiques<\/a><\/li><li class='ez-toc-page-1 ez-toc-heading-level-2'><a class=\"ez-toc-link ez-toc-heading-5\" href=\"https:\/\/laviedebebe.com\/blog\/fente-labio-palatine-bebe\/#Orthophonie_suivi_ORL_et_developpement_bebe_a_moyen_et_long_terme\" >Orthophonie, suivi ORL et d\u00e9veloppement b\u00e9b\u00e9 \u00e0 moyen et long terme<\/a><\/li><\/ul><\/nav><\/div>\n<h2 class=\"wp-block-heading\"><span class=\"ez-toc-section\" id=\"Fente_labio-palatine_detection_pendant_la_grossesse_et_annonce_aux_parents\"><\/span>Fente labio-palatine : d\u00e9tection pendant la grossesse et annonce aux parents<span class=\"ez-toc-section-end\"><\/span><\/h2>\n\n<p>Rep\u00e9rer une <strong>Fente labio-palatine<\/strong> pendant la grossesse change la pr\u00e9paration \u00e0 l\u2019arriv\u00e9e de <strong>b\u00e9b\u00e9<\/strong>. L\u2019\u00e9chographie morphologique du deuxi\u00e8me trimestre peut r\u00e9v\u00e9ler une anomalie, mais il n\u2019est pas rare que la malformation passe inaper\u00e7ue jusqu\u2019\u00e0 la naissance. Lorsque le diagnostic est pos\u00e9 in utero, un circuit de soins est souvent propos\u00e9 rapidement afin d\u2019organiser l\u2019accouchement dans un centre \u00e9quip\u00e9 de chirurgie maxillo-faciale p\u00e9diatrique.<\/p>\n\n<p>Les parents vivent souvent une forte \u00e9motion \u00e0 l\u2019annonce. Des t\u00e9moignages anonymis\u00e9s montrent que disposer de temps entre l\u2019annonce et la naissance permet de se renseigner, de rencontrer des familles ayant v\u00e9cu la m\u00eame situation et d\u2019obtenir des explications claires sur le parcours m\u00e9dical. Par exemple, une m\u00e8re ayant appris le diagnostic \u00e0 cinq mois de grossesse a pu organiser des rencontres avec des professionnels et d\u2019autres parents, ce qui a r\u00e9duit son sentiment d\u2019isolement.<\/p>\n\n<h3 class=\"wp-block-heading\">Examen pr\u00e9natal et investigations compl\u00e9mentaires<\/h3>\n\n<p>En pratique, apr\u00e8s la suspicion \u00e9chographique, une amniocent\u00e8se peut \u00eatre propos\u00e9e pour rechercher d\u2019\u00e9ventuelles anomalies chromosomiques. L\u2019objectif n\u2019est pas d\u2019alarmer, mais de pr\u00e9ciser si la fente est isol\u00e9e ou associ\u00e9e \u00e0 d\u2019autres signes. Cette distinction influe sur le type d\u2019accompagnement m\u00e9dical et psychologique propos\u00e9.<\/p>\n\n<p>Lorsque le diagnostic n\u2019a pas \u00e9t\u00e9 pos\u00e9 avant la naissance, la d\u00e9couverte \u00e0 la maternit\u00e9 n\u00e9cessite une orientation rapide vers un centre sp\u00e9cialis\u00e9. Le transfert postnatal peut impliquer des d\u00e9placements r\u00e9p\u00e9t\u00e9s pour les consultations, comme le raconte une famille transf\u00e9r\u00e9e au lendemain de l\u2019accouchement vers une structure plus adapt\u00e9e.<\/p>\n\n<h3 class=\"wp-block-heading\">Comment annoncer et accompagner l\u2019annonce ?<\/h3>\n\n<p>Le mode d\u2019annonce joue un r\u00f4le d\u00e9terminant. Les professionnels form\u00e9s en p\u00e9rinatalit\u00e9 veillent \u00e0 donner une information claire, progressive et bienveillante. Les parents b\u00e9n\u00e9ficient d\u2019un plan de suivi, d\u2019un contact avec l\u2019\u00e9quipe chirurgicale et d\u2019un interlocuteur pour les questions pratiques (alimentation, soins, calendrier des rendez-vous).<\/p>\n\n<p>Un fil conducteur illustratif : le couple Martin apprend \u00e0 22 semaines que leur futur enfant pr\u00e9sente une fente. Ils re\u00e7oivent une consultation chirurgicale pr\u00e9natale, un rendez-vous avec une psychologue et des contacts vers des associations de parents. Cette organisation permet d\u2019anticiper les besoins pratiques du retour \u00e0 la maison et de pr\u00e9parer l\u2019entourage.<\/p>\n\n<p><strong>Insight :<\/strong> une annonce bien orchestr\u00e9e, avec des rendez-vous clairs et des rencontres avec des pairs, transforme l\u2019incertitude en plan d\u2019action concret.<\/p>\n\n<h2 class=\"wp-block-heading\"><span class=\"ez-toc-section\" id=\"Soins_neonatals_et_alimentation_gestes_concrets_pour_les_premiers_jours\"><\/span>Soins n\u00e9onatals et alimentation : gestes concrets pour les premiers jours<span class=\"ez-toc-section-end\"><\/span><\/h2>\n\n<p>D\u00e8s la naissance, l\u2019accompagnement du nouveau-n\u00e9 porteur d\u2019une <strong>Fente labio-palatine<\/strong> inclut des <strong>soins n\u00e9onatals<\/strong> cibl\u00e9s et une attention particuli\u00e8re \u00e0 l\u2019<strong>alimentation<\/strong>. La communication entre nez et bouche peut perturber la succion et la d\u00e9glutition, d\u2019o\u00f9 l\u2019int\u00e9r\u00eat d\u2019adapter la prise du sein ou du biberon avec des accessoires sp\u00e9cifiques et des positions favorisant la r\u00e9ussite des repas.<\/p>\n\n<p>Des t\u00e9tines et biberons con\u00e7us pour les fentes facilitent le flux et r\u00e9duisent l\u2019effort respiratoire lors de la t\u00e9t\u00e9e. Le personnel infirmier n\u00e9onatal montre aux parents comment tenir <strong>b\u00e9b\u00e9<\/strong> en position l\u00e9g\u00e8rement redress\u00e9e, soutenir la joue et ajuster le rythme des pauses pour permettre la respiration. Ces gestes renforcent le lien et r\u00e9duisent la fatigue de l\u2019enfant.<\/p>\n\n<h3 class=\"wp-block-heading\">\u00c9tapes pratiques pour l\u2019alimentation<\/h3>\n\n<p>1) Tester diff\u00e9rentes t\u00e9tines adapt\u00e9es et choisir celle qui donne le bon d\u00e9bit. 2) Maintenir <strong>b\u00e9b\u00e9<\/strong> en position semi-assise lors des t\u00e9t\u00e9es. 3) Proposer des pauses fr\u00e9quentes pour \u00e9viter l\u2019aspiration. 4) S\u2019assurer d\u2019un suivi en consultation de p\u00e9diatrie pour mesurer la prise de poids et l\u2019efficacit\u00e9 alimentaire.<\/p>\n\n<p>Une infirmi\u00e8re pu\u00e9ricultrice exp\u00e9riment\u00e9e proposera des d\u00e9monstrations r\u00e9p\u00e9t\u00e9es pour rassurer les parents. Un exemple concret : la famille Dubois a test\u00e9 trois mod\u00e8les de biberons en maternit\u00e9. Le mod\u00e8le \u00e0 valve a permis un meilleur contr\u00f4le du d\u00e9bit et une prise de poids r\u00e9guli\u00e8re d\u00e8s la premi\u00e8re semaine.<\/p>\n\n<h3 class=\"wp-block-heading\">Surveillance m\u00e9dicale et pr\u00e9vention des complications<\/h3>\n\n<p>Durant les premiers jours, la surveillance inclut le contr\u00f4le du poids, l\u2019\u00e9valuation de la capacit\u00e9 \u00e0 s\u2019alimenter sans risque d\u2019aspiration et la recherche d\u2019\u00e9pisodes d\u2019otite ou de d\u00e9tresse respiratoire. Des antibiotiques et des antalgiques peuvent \u00eatre prescrits si une chirurgie a eu lieu ou si une infection est suspect\u00e9e.<\/p>\n\n<p>Le soutien pratique s\u2019\u00e9tend aux conseils pour les changes, le portage et les contacts peau \u00e0 peau, indispensables pour apaiser <strong>b\u00e9b\u00e9<\/strong> et favoriser la r\u00e9gulation physiologique. Ces moments renforcent le lien parental et facilitent l\u2019adaptation aux soins quotidiens.<\/p>\n\n<p><strong>Insight :<\/strong> des gestes simples et r\u00e9p\u00e9titifs d\u2019alimentation et de positionnement, associ\u00e9s \u00e0 des accessoires adapt\u00e9s, am\u00e9liorent rapidement le confort et la prise de poids de l\u2019enfant.<\/p>\n\n<figure class=\"is-provider-youtube is-type-video wp-block-embed wp-block-embed-youtube wp-embed-aspect-16-9 wp-has-aspect-ratio\"><div class=\"wp-block-embed__wrapper\">\n<iframe loading=\"lazy\" title=\"Allaiter votre b\u00e9b\u00e9 porteur d&#039;une fente labio-palatine ? Oui c&#039;est possible\" width=\"1200\" height=\"675\" src=\"https:\/\/www.youtube.com\/embed\/rpCF9BK2HVA?feature=oembed\" frameborder=\"0\" allow=\"accelerometer; autoplay; clipboard-write; encrypted-media; gyroscope; picture-in-picture; web-share\" referrerpolicy=\"strict-origin-when-cross-origin\" allowfullscreen><\/iframe>\n<\/div><\/figure>\n\n<h2 class=\"wp-block-heading\"><span class=\"ez-toc-section\" id=\"Parcours_chirurgical_calendrier_des_operations_et_role_des_equipes\"><\/span>Parcours chirurgical : calendrier des op\u00e9rations et r\u00f4le des \u00e9quipes<span class=\"ez-toc-section-end\"><\/span><\/h2>\n\n<p>La prise en charge chirurgicale d\u2019une <strong>Fente labio-palatine<\/strong> est planifi\u00e9e par une \u00e9quipe pluridisciplinaire. L\u2019anesth\u00e9sie p\u00e9diatrique, le chirurgien maxillo-facial, l\u2019ORL, l\u2019orthodontiste et l\u2019orthophoniste coordonnent les interventions selon l\u2019\u00e2ge et la morphologie de l\u2019enfant. En r\u00e8gle g\u00e9n\u00e9rale, la premi\u00e8re intervention de la l\u00e8vre et du nez a lieu \u00e0 partir de 3 mois, et la r\u00e9paration du palais dur suit quelques mois plus tard.<\/p>\n\n<p>Le parcours m\u00e9dical s\u2019\u00e9tend souvent jusqu\u2019\u00e0 la fin de l\u2019adolescence. Des op\u00e9rations compl\u00e9mentaires (rhinoplastie, greffes osseuses, retouches) peuvent \u00eatre propos\u00e9es selon l\u2019\u00e9volution faciale et les besoins orthodontiques. Une communication r\u00e9guli\u00e8re avec l\u2019\u00e9quipe permet d\u2019adapter le calendrier aux attentes familiales et au bien-\u00eatre de l\u2019enfant.<\/p>\n\n<h3 class=\"wp-block-heading\">Tableau : calendrier indicatif des interventions<\/h3>\n\n<figure class=\"wp-block-table\"><table>\n<thead>\n<tr>\n<th>\u00c2ge approximatif<\/th>\n<th>Objectif<\/th>\n<th>Professionnels impliqu\u00e9s<\/th>\n<\/tr>\n<\/thead>\n<tbody>\n<tr>\n<td>Naissance \u2013 3 mois<\/td>\n<td>\u00c9valuation, alimentation, pr\u00e9paration<\/td>\n<td>P\u00e9diatre, infirmier n\u00e9onatal, chirurgien<\/td>\n<\/tr>\n<tr>\n<td>3 \u2013 6 mois<\/td>\n<td>R\u00e9paration de la l\u00e8vre et du nez<\/td>\n<td>Chirurgien, anesth\u00e9siste p\u00e9diatrique<\/td>\n<\/tr>\n<tr>\n<td>6 \u2013 12 mois<\/td>\n<td>Fermeture du palais dur et am\u00e9lioration de la fonction<\/td>\n<td>Chirurgien, orthophoniste<\/td>\n<\/tr>\n<tr>\n<td>2 \u2013 6 ans<\/td>\n<td>Suivi orthophonique, premi\u00e8re orthodontie \u00e9ventuelle<\/td>\n<td>Orthophoniste, orthodontiste<\/td>\n<\/tr>\n<tr>\n<td>Adolescence<\/td>\n<td>Interventions esth\u00e9tiques ou fonctionnelles compl\u00e9mentaires<\/td>\n<td>Chirurgien, orthodontiste, ORL<\/td>\n<\/tr>\n<\/tbody>\n<\/table><\/figure>\n\n<p>Chaque geste op\u00e9ratoire vise \u00e0 restaurer la fonction bucco-nasale et l\u2019esth\u00e9tique faciale. Les techniques modernes laissent des cicatrices de plus en plus discr\u00e8tes, mais l\u2019aspect psychologique reste central. L\u2019accompagnement par des psychologues sp\u00e9cialis\u00e9s aide les familles et l\u2019enfant \u00e0 int\u00e9grer sereinement ces \u00e9tapes.<\/p>\n\n<p>Un cas illustratif : un enfant op\u00e9r\u00e9 \u00e0 4 mois pour la l\u00e8vre a eu un suivi orthodontique pr\u00e9coce et une s\u00e9ance d\u2019orthophonie avant l\u2019entr\u00e9e \u00e0 l\u2019\u00e9cole. Les parents ont \u00e9t\u00e9 amen\u00e9s \u00e0 planifier et \u00e0 anticiper les rendez-vous, ce qui a permis une meilleure coordination et moins d\u2019impr\u00e9vus.<\/p>\n\n<p><strong>Insight :<\/strong> un calendrier clair et une \u00e9quipe coordonn\u00e9e r\u00e9duisent l\u2019anxi\u00e9t\u00e9 familiale et optimisent les r\u00e9sultats fonctionnels et esth\u00e9tiques.<\/p>\n\n<figure class=\"is-provider-youtube is-type-video wp-block-embed wp-block-embed-youtube wp-embed-aspect-16-9 wp-has-aspect-ratio\"><div class=\"wp-block-embed__wrapper\">\n<iframe loading=\"lazy\" title=\"la fente labio palatine de Rachel\" width=\"1200\" height=\"675\" src=\"https:\/\/www.youtube.com\/embed\/xaJM-NfExek?feature=oembed\" frameborder=\"0\" allow=\"accelerometer; autoplay; clipboard-write; encrypted-media; gyroscope; picture-in-picture; web-share\" referrerpolicy=\"strict-origin-when-cross-origin\" allowfullscreen><\/iframe>\n<\/div><\/figure>\n\n<h2 class=\"wp-block-heading\"><span class=\"ez-toc-section\" id=\"Soutien_parental_accompagnement_emotionnel_et_ressources_pratiques\"><\/span>Soutien parental, accompagnement \u00e9motionnel et ressources pratiques<span class=\"ez-toc-section-end\"><\/span><\/h2>\n\n<p>L\u2019annoncer \u00e0 la famille et aux proches, trouver des r\u00e9ponses aux craintes et maintenir un lien affectif fort avec <strong>b\u00e9b\u00e9<\/strong> rel\u00e8vent du <strong>soutien parental<\/strong>. Le v\u00e9cu \u00e9motionnel des parents varie : de la surprise \u00e0 la d\u00e9tresse. Disposer d\u2019un relais psychologique et d\u2019un r\u00e9seau de parents concern\u00e9s est souvent une bou\u00e9e de secours.<\/p>\n\n<p>Les associations, les groupes de parole et des plateformes sp\u00e9cialis\u00e9es comme <a href=\"https:\/\/www.google.com\/search?q=laviedebebe.com\">La Vie de B\u00e9b\u00e9<\/a> offrent des ressources valid\u00e9es et des t\u00e9moignages. Elles permettent d\u2019acc\u00e9der \u00e0 des fiches pratiques (alimentation, pr\u00e9paration aux op\u00e9rations) et \u00e0 des retours d\u2019exp\u00e9riences concrets, ce qui aide \u00e0 normaliser le parcours.<\/p>\n\n<h3 class=\"wp-block-heading\">Conseils pratiques pour les parents<\/h3>\n\n<ul class=\"wp-block-list\"><li>Demander un r\u00e9f\u00e9rent m\u00e9dical pour centraliser les rendez-vous et les comptes rendus.<\/li><li>Privil\u00e9gier le contact peau \u00e0 peau pour apaiser l\u2019enfant et favoriser l\u2019attachement.<\/li><li>Tester diff\u00e9rents dispositifs d\u2019alimentation avant de quitter la maternit\u00e9.<\/li><li>Rechercher des pairs via les associations locales ou en ligne pour partager astuces et \u00e9motions.<\/li><li>Planifier des pauses, demander de l\u2019aide pour les d\u00e9placements m\u00e9dicaux et se m\u00e9nager des moments de repos.<\/li><\/ul>\n\n<p>La parole autour de la cicatrice et des op\u00e9rations est essentielle. Des histoires et des livres pour enfants aident \u00e0 expliquer la diff\u00e9rence de fa\u00e7on simple et positive. La pr\u00e9sence d\u2019un professionnel pour pr\u00e9parer la rentr\u00e9e scolaire et anticiper d\u2019\u00e9ventuelles questions des camarades facilite l\u2019int\u00e9gration sociale.<\/p>\n\n<p>Fil conducteur : les Martin, apr\u00e8s la naissance de leur fille, ont particip\u00e9 \u00e0 un groupe de parole et ont utilis\u00e9 les ressources de La Vie de B\u00e9b\u00e9 pour pr\u00e9parer la premi\u00e8re op\u00e9ration. Ils ont pu designer avec l\u2019\u00e9quipe une phrase courte que leur enfant pourrait utiliser \u00e0 l\u2019\u00e9cole pour r\u00e9pondre aux questions de ses camarades.<\/p>\n\n<p><strong>Insight :<\/strong> un accompagnement \u00e9motionnel structur\u00e9, compl\u00e9t\u00e9 par des ressources valid\u00e9es, renforce la confiance des parents et le bien-\u00eatre de l\u2019enfant.<\/p>\n\n<h2 class=\"wp-block-heading\"><span class=\"ez-toc-section\" id=\"Orthophonie_suivi_ORL_et_developpement_bebe_a_moyen_et_long_terme\"><\/span>Orthophonie, suivi ORL et d\u00e9veloppement b\u00e9b\u00e9 \u00e0 moyen et long terme<span class=\"ez-toc-section-end\"><\/span><\/h2>\n\n<p>Apr\u00e8s la chirurgie, le suivi du <strong>d\u00e9veloppement b\u00e9b\u00e9<\/strong> inclut des volets fonctionnels : orthophonie pour le langage, consultations ORL pour l\u2019audition et suivi orthodontique pour la croissance dentaire. Intervenir t\u00f4t sur la parole et l\u2019audition limite les retentissements scolaires et sociaux.<\/p>\n\n<p>L\u2019orthophonie a pour objectif d\u2019accompagner les comp\u00e9tences de succion-d\u00e9glutition puis d\u2019observer l\u2019\u00e9mergence de la phonologie. Des exercices ludiques et des s\u00e9ances r\u00e9guli\u00e8res renforcent la coordination orale et la qualit\u00e9 du langage. Par exemple, un enfant ayant b\u00e9n\u00e9fici\u00e9 d\u2019un suivi orthophonique pr\u00e9coce pr\u00e9sente souvent moins de retard d\u2019articulation \u00e0 l\u2019\u00e2ge d\u2019entr\u00e9e \u00e0 l\u2019\u00e9cole.<\/p>\n\n<h3 class=\"wp-block-heading\">Surveillance auditive et pr\u00e9vention des otites<\/h3>\n\n<p>Les enfants porteurs d\u2019une fente sont expos\u00e9s \u00e0 des \u00e9pisodes d\u2019otite moyenne et \u00e0 des troubles auditifs temporaires. Un suivi ORL pr\u00e9ventif, parfois associ\u00e9 \u00e0 la pose de drains tympaniques, pr\u00e9vient les complications. La surveillance r\u00e9guli\u00e8re de l\u2019audition est essentielle pour adapter l\u2019orthophonie et les apprentissages scolaires.<\/p>\n\n<h3 class=\"wp-block-heading\">Anticiper la scolarit\u00e9 et l\u2019estime de soi<\/h3>\n\n<p>Les enseignants, sensibilis\u00e9s gr\u00e2ce \u00e0 des outils p\u00e9dagogiques, sont des acteurs du bon ton scolaire. Des \u00e9changes anticip\u00e9s entre parents, orthophoniste et l\u2019\u00e9cole facilitent les am\u00e9nagements n\u00e9cessaires (soutien en lecture, adaptations acoustiques). Travailler l\u2019acceptation et le langage autour de la diff\u00e9rence aide l\u2019enfant \u00e0 d\u00e9velopper une image de soi positive.<\/p>\n\n<p>Un exemple concret : une \u00e9quipe pluridisciplinaire a pr\u00e9par\u00e9 une s\u00e9ance d\u2019information \u00e0 l\u2019\u00e9cole primaire avant l\u2019arriv\u00e9e d\u2019un \u00e9l\u00e8ve op\u00e9r\u00e9. Le r\u00e9sultat a \u00e9t\u00e9 une acceptation facilit\u00e9e par des explications simples et des r\u00e9ponses aux questions des enfants.<\/p>\n\n<p><strong>Insight :<\/strong> un suivi multidisciplinaire pr\u00e9coce et coordonn\u00e9 prot\u00e8ge la communication, l\u2019audition et l\u2019int\u00e9gration sociale de l\u2019enfant, sources d\u2019un d\u00e9veloppement harmonieux.<\/p>\n\n<script type=\"application\/ld+json\">\n{\"@context\":\"https:\/\/schema.org\",\"@type\":\"FAQPage\",\"mainEntity\":[{\"@type\":\"Question\",\"name\":\"Comment savoir si la fente affecte lu2019alimentation de mon bu00e9bu00e9 ?\",\"acceptedAnswer\":{\"@type\":\"Answer\",\"text\":\"Surveillez la prise de poids, la fru00e9quence des pauses u00e0 la tu00e9tu00e9e et la pru00e9sence de signes du2019aspiration. Un pu00e9diatre ou une infirmiu00e8re nu00e9onatale u00e9valuera la succion et proposera des tu00e9tines ou biberons adaptu00e9s si nu00e9cessaire.\"}},{\"@type\":\"Question\",\"name\":\"u00c0 quel u00e2ge a lieu la premiu00e8re opu00e9ration ?\",\"acceptedAnswer\":{\"@type\":\"Answer\",\"text\":\"Habituellement, la ru00e9paration de la lu00e8vre et du nez a lieu autour de 3 mois. La fermeture du palais dure souvent quelques mois supplu00e9mentaires. Le calendrier du00e9pend de chaque enfant et de la du00e9cision de lu2019u00e9quipe chirurgicale.\"}},{\"@type\":\"Question\",\"name\":\"Quels spu00e9cialistes seront impliquu00e9s ?\",\"acceptedAnswer\":{\"@type\":\"Answer\",\"text\":\"Une u00e9quipe pluridisciplinaire peut inclure un chirurgien maxillo-facial, un anesthu00e9siste pu00e9diatrique, un ORL, un orthophoniste, un orthodontiste, un pu00e9diatre et un psychologue. La coordination garantit une prise en charge globale.\"}},{\"@type\":\"Question\",\"name\":\"Peut-on pru00e9venir la fente labio-palatine ?\",\"acceptedAnswer\":{\"@type\":\"Answer\",\"text\":\"Il nu2019y a pas de pru00e9vention garantie. Une alimentation maternelle u00e9quilibru00e9e et un apport adu00e9quat en vitamines, notamment B9, sont recommandu00e9s, comme pour la santu00e9 gu00e9nu00e9rale de la grossesse. Certains facteurs gu00e9nu00e9tiques et environnementaux augmentent les risques.\"}}]}\n<\/script>\n<h3>Comment savoir si la fente affecte l\u2019alimentation de mon b\u00e9b\u00e9 ?<\/h3>\n<p>Surveillez la prise de poids, la fr\u00e9quence des pauses \u00e0 la t\u00e9t\u00e9e et la pr\u00e9sence de signes d\u2019aspiration. Un p\u00e9diatre ou une infirmi\u00e8re n\u00e9onatale \u00e9valuera la succion et proposera des t\u00e9tines ou biberons adapt\u00e9s si n\u00e9cessaire.<\/p>\n<h3>\u00c0 quel \u00e2ge a lieu la premi\u00e8re op\u00e9ration ?<\/h3>\n<p>Habituellement, la r\u00e9paration de la l\u00e8vre et du nez a lieu autour de 3 mois. La fermeture du palais dure souvent quelques mois suppl\u00e9mentaires. Le calendrier d\u00e9pend de chaque enfant et de la d\u00e9cision de l\u2019\u00e9quipe chirurgicale.<\/p>\n<h3>Quels sp\u00e9cialistes seront impliqu\u00e9s ?<\/h3>\n<p>Une \u00e9quipe pluridisciplinaire peut inclure un chirurgien maxillo-facial, un anesth\u00e9siste p\u00e9diatrique, un ORL, un orthophoniste, un orthodontiste, un p\u00e9diatre et un psychologue. La coordination garantit une prise en charge globale.<\/p>\n<h3>Peut-on pr\u00e9venir la fente labio-palatine ?<\/h3>\n<p>Il n\u2019y a pas de pr\u00e9vention garantie. Une alimentation maternelle \u00e9quilibr\u00e9e et un apport ad\u00e9quat en vitamines, notamment B9, sont recommand\u00e9s, comme pour la sant\u00e9 g\u00e9n\u00e9rale de la grossesse. Certains facteurs g\u00e9n\u00e9tiques et environnementaux augmentent les risques.<\/p>\n\n","protected":false},"excerpt":{"rendered":"<p>En bref : Fente labio-palatine : d\u00e9tection pendant la grossesse et annonce aux parents Rep\u00e9rer une Fente labio-palatine pendant la grossesse change la pr\u00e9paration \u00e0 l\u2019arriv\u00e9e de b\u00e9b\u00e9. L\u2019\u00e9chographie morphologique du deuxi\u00e8me trimestre peut r\u00e9v\u00e9ler une anomalie, mais il n\u2019est pas rare que la malformation passe inaper\u00e7ue jusqu\u2019\u00e0 la naissance. Lorsque le diagnostic est pos\u00e9 &#8230; <a title=\"Fente labio-palatine : comment accompagner au mieux votre b\u00e9b\u00e9 d\u00e8s les premiers jours ?\" class=\"read-more\" href=\"https:\/\/laviedebebe.com\/blog\/fente-labio-palatine-bebe\/\" aria-label=\"En savoir plus sur Fente labio-palatine : comment accompagner au mieux votre b\u00e9b\u00e9 d\u00e8s les premiers jours ?\">Read more<\/a><\/p>\n","protected":false},"author":1,"featured_media":0,"comment_status":"open","ping_status":"closed","sticky":false,"template":"","format":"standard","meta":{"footnotes":""},"categories":[24],"tags":[],"class_list":["post-1841","post","type-post","status-publish","format-standard","hentry","category-bebe"],"_links":{"self":[{"href":"https:\/\/laviedebebe.com\/blog\/wp-json\/wp\/v2\/posts\/1841","targetHints":{"allow":["GET"]}}],"collection":[{"href":"https:\/\/laviedebebe.com\/blog\/wp-json\/wp\/v2\/posts"}],"about":[{"href":"https:\/\/laviedebebe.com\/blog\/wp-json\/wp\/v2\/types\/post"}],"author":[{"embeddable":true,"href":"https:\/\/laviedebebe.com\/blog\/wp-json\/wp\/v2\/users\/1"}],"replies":[{"embeddable":true,"href":"https:\/\/laviedebebe.com\/blog\/wp-json\/wp\/v2\/comments?post=1841"}],"version-history":[{"count":0,"href":"https:\/\/laviedebebe.com\/blog\/wp-json\/wp\/v2\/posts\/1841\/revisions"}],"wp:attachment":[{"href":"https:\/\/laviedebebe.com\/blog\/wp-json\/wp\/v2\/media?parent=1841"}],"wp:term":[{"taxonomy":"category","embeddable":true,"href":"https:\/\/laviedebebe.com\/blog\/wp-json\/wp\/v2\/categories?post=1841"},{"taxonomy":"post_tag","embeddable":true,"href":"https:\/\/laviedebebe.com\/blog\/wp-json\/wp\/v2\/tags?post=1841"}],"curies":[{"name":"wp","href":"https:\/\/api.w.org\/{rel}","templated":true}]}}