{"id":1685,"date":"2026-03-17T06:52:14","date_gmt":"2026-03-17T06:52:14","guid":{"rendered":"https:\/\/laviedebebe.com\/blog\/prenom-emile-signification\/"},"modified":"2026-03-17T06:52:14","modified_gmt":"2026-03-17T06:52:14","slug":"prenom-emile-signification","status":"publish","type":"post","link":"https:\/\/laviedebebe.com\/blog\/prenom-emile-signification\/","title":{"rendered":"\u00c0 la d\u00e9couverte du pr\u00e9nom \u00c9mile : histoire et signification"},"content":{"rendered":"<p><strong>En bref<\/strong><\/p>\n\n<ul class=\"wp-block-list\"><li><strong>Pr\u00e9nom \u00c9mile<\/strong> : un nom ancr\u00e9 dans l&rsquo;histoire europ\u00e9enne, port\u00e9 par des \u00e9crivains et des hommes politiques c\u00e9l\u00e8bres.<\/li><li><strong>Origine et \u00e9tymologie<\/strong> : d\u00e9riv\u00e9 du latin Aemilius, associ\u00e9 \u00e0 la pers\u00e9v\u00e9rance et \u00e0 l&rsquo;ardeur.<\/li><li><strong>Signification<\/strong> : nuances entre \u00ab\u00a0rival\u00a0\u00bb, \u00ab\u00a0enthousiaste\u00a0\u00bb et \u00ab\u00a0travailleur\u00a0\u00bb, souvent symbolis\u00e9 par la <strong>turquoise<\/strong>.<\/li><li><strong>Popularit\u00e9<\/strong> : pic au XIXe si\u00e8cle, baisse au milieu du XXe et r\u00e9surgence douce au XXIe si\u00e8cle, particuli\u00e8rement parmi les parents cherchant un pr\u00e9nom classique et chaleureux.<\/li><li><strong>Personnalit\u00e9<\/strong> : tendance au r\u00eave, \u00e0 la sensibilit\u00e9 artistique et \u00e0 la pers\u00e9v\u00e9rance ; l&rsquo;accompagnement parental vise la bienveillance et des rep\u00e8res concrets.<\/li><\/ul>\n\n<div id=\"ez-toc-container\" class=\"ez-toc-v2_0_82_2 counter-hierarchy ez-toc-counter ez-toc-grey ez-toc-container-direction\">\n<div class=\"ez-toc-title-container\">\n<p class=\"ez-toc-title\" style=\"cursor:inherit\">Sommaire<\/p>\n<span class=\"ez-toc-title-toggle\"><a href=\"#\" class=\"ez-toc-pull-right ez-toc-btn ez-toc-btn-xs ez-toc-btn-default ez-toc-toggle\" aria-label=\"Toggle Table of Content\"><span class=\"ez-toc-js-icon-con\"><span class=\"\"><span class=\"eztoc-hide\" style=\"display:none;\">Toggle<\/span><span class=\"ez-toc-icon-toggle-span\"><svg style=\"fill: #999;color:#999\" xmlns=\"http:\/\/www.w3.org\/2000\/svg\" class=\"list-377408\" width=\"20px\" height=\"20px\" viewBox=\"0 0 24 24\" fill=\"none\"><path d=\"M6 6H4v2h2V6zm14 0H8v2h12V6zM4 11h2v2H4v-2zm16 0H8v2h12v-2zM4 16h2v2H4v-2zm16 0H8v2h12v-2z\" fill=\"currentColor\"><\/path><\/svg><svg style=\"fill: #999;color:#999\" class=\"arrow-unsorted-368013\" xmlns=\"http:\/\/www.w3.org\/2000\/svg\" width=\"10px\" height=\"10px\" viewBox=\"0 0 24 24\" version=\"1.2\" baseProfile=\"tiny\"><path d=\"M18.2 9.3l-6.2-6.3-6.2 6.3c-.2.2-.3.4-.3.7s.1.5.3.7c.2.2.4.3.7.3h11c.3 0 .5-.1.7-.3.2-.2.3-.5.3-.7s-.1-.5-.3-.7zM5.8 14.7l6.2 6.3 6.2-6.3c.2-.2.3-.5.3-.7s-.1-.5-.3-.7c-.2-.2-.4-.3-.7-.3h-11c-.3 0-.5.1-.7.3-.2.2-.3.5-.3.7s.1.5.3.7z\"\/><\/svg><\/span><\/span><\/span><\/a><\/span><\/div>\n<nav><ul class='ez-toc-list ez-toc-list-level-1 eztoc-toggle-hide-by-default' ><li class='ez-toc-page-1 ez-toc-heading-level-2'><a class=\"ez-toc-link ez-toc-heading-1\" href=\"https:\/\/laviedebebe.com\/blog\/prenom-emile-signification\/#Histoire_et_origine_du_prenom_Emile_racines_evolutions_et_contextes_historiques\" >Histoire et origine du pr\u00e9nom \u00c9mile : racines, \u00e9volutions et contextes historiques<\/a><\/li><li class='ez-toc-page-1 ez-toc-heading-level-2'><a class=\"ez-toc-link ez-toc-heading-2\" href=\"https:\/\/laviedebebe.com\/blog\/prenom-emile-signification\/#Signification_et_etymologie_du_prenom_Emile_decryptage_simple_et_utile_pour_les_parents\" >Signification et \u00e9tymologie du pr\u00e9nom \u00c9mile : d\u00e9cryptage simple et utile pour les parents<\/a><\/li><li class='ez-toc-page-1 ez-toc-heading-level-2'><a class=\"ez-toc-link ez-toc-heading-3\" href=\"https:\/\/laviedebebe.com\/blog\/prenom-emile-signification\/#Popularite_evolution_et_presence_culturelle_du_prenom_Emile_chiffres_usages_et_references\" >Popularit\u00e9, \u00e9volution et pr\u00e9sence culturelle du pr\u00e9nom \u00c9mile : chiffres, usages et r\u00e9f\u00e9rences<\/a><\/li><li class='ez-toc-page-1 ez-toc-heading-level-2'><a class=\"ez-toc-link ez-toc-heading-4\" href=\"https:\/\/laviedebebe.com\/blog\/prenom-emile-signification\/#Personnalite_du_prenom_Emile_traits_observes_et_conseils_pratiques_pour_accompagner_lenfant\" >Personnalit\u00e9 du pr\u00e9nom \u00c9mile : traits observ\u00e9s et conseils pratiques pour accompagner l&rsquo;enfant<\/a><\/li><\/ul><\/nav><\/div>\n<h2 class=\"wp-block-heading\"><span class=\"ez-toc-section\" id=\"Histoire_et_origine_du_prenom_Emile_racines_evolutions_et_contextes_historiques\"><\/span>Histoire et origine du pr\u00e9nom \u00c9mile : racines, \u00e9volutions et contextes historiques<span class=\"ez-toc-section-end\"><\/span><\/h2>\n\n<p>Le parcours historique du <strong>pr\u00e9nom \u00c9mile<\/strong> se lit comme une petite chronique europ\u00e9enne. Issu du nom de famille latin <strong>Aemilius<\/strong>, employ\u00e9 dans l&rsquo;Antiquit\u00e9, ce pr\u00e9nom a travers\u00e9 les si\u00e8cles en se chargeant d&rsquo;usages et de valeurs diff\u00e9rentes selon les \u00e9poques. Dans les grandes p\u00e9riodes de l&rsquo;histoire, il a souvent \u00e9t\u00e9 associ\u00e9 \u00e0 des familles qui valorisaient le travail et l&rsquo;engagement social.<\/p>\n\n<p>Au XIXe si\u00e8cle, le pr\u00e9nom conna\u00eet une visibilit\u00e9 particuli\u00e8re gr\u00e2ce \u00e0 des figures publiques. Parmi elles, on retrouve des personnalit\u00e9s litt\u00e9raires et politiques qui ont contribu\u00e9 \u00e0 ancrer <strong>\u00c9mile<\/strong> dans la m\u00e9moire collective. Les lecteurs reconnaissent ais\u00e9ment des noms comme \u00c9mile Zola, dont l&rsquo;\u0153uvre a marqu\u00e9 la litt\u00e9rature et le d\u00e9bat social, ainsi que d&rsquo;autres auteurs et acteurs de la vie publique qui ont port\u00e9 ce pr\u00e9nom avec diff\u00e9rentes nuances de sens.<\/p>\n\n<p>La popularit\u00e9 du pr\u00e9nom s&rsquo;explique aussi par son int\u00e9gration dans la culture \u00e9crite : romans, correspondances et journaux du XIXe et du d\u00e9but du XXe si\u00e8cle contiennent des personnages nomm\u00e9s \u00c9mile, souvent repr\u00e9sent\u00e9s comme pers\u00e9v\u00e9rants et anim\u00e9s d&rsquo;une certaine sensibilit\u00e9. Cette repr\u00e9sentation litt\u00e9raire a nourri la perception sociale du nom comme \u00e9tant \u00e0 la fois intellectuel et humain.<\/p>\n\n<p>En parall\u00e8le, les migrations culturelles et les \u00e9changes linguistiques europ\u00e9ens ont donn\u00e9 au pr\u00e9nom des formes voisines et des adaptations locales, mais la base latine reste reconnaissable. Le mouvement des id\u00e9es puis la g\u00e9n\u00e9ralisation de l&rsquo;\u00e9tat civil moderne ont stabilis\u00e9 l&rsquo;usage, rendant \u00c9mile courant dans les registres fran\u00e7ais et francophones pendant plusieurs d\u00e9cennies.<\/p>\n\n<p>Des \u00e9l\u00e9ments concrets permettent d&rsquo;illustrer cette \u00e9volution : au tournant du XXe si\u00e8cle, on observe un taux significatif de naissances d&rsquo;enfants pr\u00e9nomm\u00e9s \u00c9mile dans les registres officiels de la France. Ce ph\u00e9nom\u00e8ne est li\u00e9 \u00e0 la fois \u00e0 la diffusion de la litt\u00e9rature et \u00e0 la notori\u00e9t\u00e9 des personnalit\u00e9s publiques. Puis, au milieu du XXe si\u00e8cle, une diversification des go\u00fbts pr\u00e9nominaux entraine une baisse relative.<\/p>\n\n<p>Enfin, la red\u00e9couverte actuelle de pr\u00e9noms classiques et le d\u00e9sir de transmettre un nom charg\u00e9 d&rsquo;histoire expliquent la r\u00e9surgence r\u00e9cente. De jeunes parents recherchent aujourd&rsquo;hui des pr\u00e9noms qui allient tradition et douceur, et <strong>\u00c9mile<\/strong> r\u00e9pond souvent \u00e0 ces crit\u00e8res. Cette trajectoire historique montre comment un pr\u00e9nom peut porter des strates de sens, d&rsquo;\u00e9motions et d&rsquo;attentes sociales, tout en restant adaptable aux usages contemporains.<\/p>\n\n<p>Phrase-cl\u00e9 : le pr\u00e9nom \u00c9mile illustre comment l&rsquo;histoire personnelle et collective se rencontrent dans un simple nom, porteur d&rsquo;identit\u00e9 et de m\u00e9moire.<\/p>\n\n<figure class=\"wp-block-image size-full\"><img loading=\"lazy\" decoding=\"async\" width=\"1344\" height=\"768\" src=\"https:\/\/laviedebebe.com\/blog\/wp-content\/uploads\/2026\/03\/A-la-decouverte-du-prenom-Emile-histoire-et-signification-1.jpg\" alt=\"explorez l&#039;origine, l&#039;histoire et la signification du pr\u00e9nom \u00e9mile, un choix classique et plein de charme.\" class=\"wp-image-1684\" srcset=\"https:\/\/laviedebebe.com\/blog\/wp-content\/uploads\/2026\/03\/A-la-decouverte-du-prenom-Emile-histoire-et-signification-1.jpg 1344w, https:\/\/laviedebebe.com\/blog\/wp-content\/uploads\/2026\/03\/A-la-decouverte-du-prenom-Emile-histoire-et-signification-1-300x171.jpg 300w, https:\/\/laviedebebe.com\/blog\/wp-content\/uploads\/2026\/03\/A-la-decouverte-du-prenom-Emile-histoire-et-signification-1-1024x585.jpg 1024w, https:\/\/laviedebebe.com\/blog\/wp-content\/uploads\/2026\/03\/A-la-decouverte-du-prenom-Emile-histoire-et-signification-1-768x439.jpg 768w\" sizes=\"auto, (max-width: 1344px) 100vw, 1344px\" \/><\/figure>\n\n<h2 class=\"wp-block-heading\"><span class=\"ez-toc-section\" id=\"Signification_et_etymologie_du_prenom_Emile_decryptage_simple_et_utile_pour_les_parents\"><\/span>Signification et \u00e9tymologie du pr\u00e9nom \u00c9mile : d\u00e9cryptage simple et utile pour les parents<span class=\"ez-toc-section-end\"><\/span><\/h2>\n\n<p>Confronter <strong>\u00e9tymologie<\/strong> et usage contemporain aide \u00e0 mieux choisir un pr\u00e9nom pour un enfant. Le <strong>pr\u00e9nom \u00c9mile<\/strong> trouve ses racines dans le nom romain <em>Aemilius<\/em>, historiquement li\u00e9 \u00e0 des familles patriciennes. La signification commun\u00e9ment admise renvoie \u00e0 des notions comme \u00ab\u00a0rival\u00a0\u00bb ou \u00ab\u00a0celui qui excelle\u00a0\u00bb, bien que certaines sources \u00e9voquent l&rsquo;id\u00e9e d&rsquo;ardeur et d&rsquo;ardent d\u00e9sir d&rsquo;accomplir.<\/p>\n\n<p>Pour les parents, traduire ces racines en images concr\u00e8tes facilite la d\u00e9cision. Imaginer un petit gar\u00e7on appel\u00e9 \u00c9mile peut \u00e9voquer une personnalit\u00e9 tenace, port\u00e9e vers la cr\u00e9ativit\u00e9 et la recherche d&rsquo;inspiration. La <strong>turquoise<\/strong>, pierre pr\u00e9cieuse traditionnellement associ\u00e9e au pr\u00e9nom, symbolise la s\u00e9r\u00e9nit\u00e9 et la protection, des qualit\u00e9s rassurantes pour des parents en qu\u00eate de sens.<\/p>\n\n<p>Au-del\u00e0 des d\u00e9finitions, la signification sociale et affective compte beaucoup. Dans la pratique quotidienne, un pr\u00e9nom comme \u00c9mile porte une promesse comportementale : on attend souvent d&rsquo;un \u00c9mile une capacit\u00e9 de pers\u00e9v\u00e9rance, une inclination pour les activit\u00e9s artistiques et un besoin d&rsquo;un environnement s\u00e9curisant. Cela n&rsquo;est pas un d\u00e9terminisme, mais un cadre utile pour accompagner l&rsquo;enfant.<\/p>\n\n<p>Exemple concret : face \u00e0 un jeune enfant sensible et r\u00eaveur nomm\u00e9 \u00c9mile, les gestes parentaux recommand\u00e9s incluent des activit\u00e9s artistiques r\u00e9guli\u00e8res, des routines douces avant le coucher et des encouragements calmes pour l&rsquo;aider \u00e0 structurer ses journ\u00e9es. Ces pratiques, simples \u00e0 appliquer, correspondent bien \u00e0 l&rsquo;\u00e9cho de l&rsquo;\u00e9tymologie tout en respectant la singularit\u00e9 de l&rsquo;enfant.<\/p>\n\n<p>Il est aussi pertinent d&rsquo;\u00e9voquer la mani\u00e8re dont la signification \u00e9volue avec le temps. Un pr\u00e9nom ancien reprend une nouvelle couleur quand il est choisi aujourd&rsquo;hui : il devient le point de d\u00e9part d&rsquo;une histoire familiale contemporaine. Les parents peuvent s&rsquo;inspirer de la symbolique sans se sentir contraints ; l&rsquo;accompagnement bienveillant fait toute la diff\u00e9rence.<\/p>\n\n<p>Enfin, pour les familles qui aiment les symboles tangibles, associer des objets au pr\u00e9nom (comme un doudou turquoise, un mobile aux teintes azur\u00e9es) renforce le sentiment d&rsquo;identit\u00e9 et de s\u00e9curit\u00e9 chez le b\u00e9b\u00e9. Ces petites attentions pratiques s&rsquo;inscrivent dans une d\u00e9marche affectueuse et structurante.<\/p>\n\n<p>Phrase-cl\u00e9 : comprendre l&rsquo;\u00e9tymologie du pr\u00e9nom \u00c9mile offre un cadre bienveillant pour nourrir l&rsquo;identit\u00e9 de l&rsquo;enfant, sans imposer de trajectoire fig\u00e9e.<\/p>\n\n<h2 class=\"wp-block-heading\"><span class=\"ez-toc-section\" id=\"Popularite_evolution_et_presence_culturelle_du_prenom_Emile_chiffres_usages_et_references\"><\/span>Popularit\u00e9, \u00e9volution et pr\u00e9sence culturelle du pr\u00e9nom \u00c9mile : chiffres, usages et r\u00e9f\u00e9rences<span class=\"ez-toc-section-end\"><\/span><\/h2>\n\n<p>Le parcours de la <strong>popularit\u00e9<\/strong> du pr\u00e9nom \u00c9mile illustre les mouvements sociaux et esth\u00e9tiques. Historiquement \u00e9lev\u00e9 au XIXe et d\u00e9but XXe si\u00e8cle, le pr\u00e9nom a ensuite connu une \u00e9clipse relative, avant de retrouver une place douce dans les choix parentaux du XXIe si\u00e8cle. Cette dynamique refl\u00e8te un d\u00e9sir contemporain de pr\u00e9noms classiques remis au go\u00fbt du jour.<\/p>\n\n<p>Pour donner des rep\u00e8res concrets, voici un tableau synth\u00e9tique mettant en regard quelques personnalit\u00e9s c\u00e9l\u00e8bres qui ont marqu\u00e9 l&rsquo;image du pr\u00e9nom et des p\u00e9riodes d&rsquo;usage :<\/p>\n\n<figure class=\"wp-block-table\"><table>\n<thead>\n<tr>\n<th>Nom<\/th>\n<th>Vie<\/th>\n<th>R\u00f4le \/ Champ<\/th>\n<\/tr>\n<\/thead>\n<tbody>\n<tr>\n<td><strong>\u00c9mile Zola<\/strong><\/td>\n<td>1840-1902<\/td>\n<td>Romancier et journaliste, ic\u00f4ne du naturalisme<\/td>\n<\/tr>\n<tr>\n<td><strong>\u00c9mile Erckmann<\/strong><\/td>\n<td>1822-1899<\/td>\n<td>\u00c9crivain, souvent associ\u00e9 \u00e0 la r\u00e9gion lorraine<\/td>\n<\/tr>\n<tr>\n<td><strong>\u00c9mile Loubet<\/strong><\/td>\n<td>1838-1929<\/td>\n<td>Homme politique et avocat<\/td>\n<\/tr>\n<tr>\n<td><strong>\u00c9mile Blondet<\/strong><\/td>\n<td>n\u00e9 en 1802<\/td>\n<td>Personnage litt\u00e9raire et figure culturelle<\/td>\n<\/tr>\n<\/tbody>\n<\/table><\/figure>\n\n<p>Ces r\u00e9f\u00e9rences aident \u00e0 comprendre pourquoi le pr\u00e9nom reste \u00e9vocateur. Les parents qui appr\u00e9cient la litt\u00e9rature ou l&rsquo;histoire culturelle peuvent \u00eatre s\u00e9duits par ce lien symbolique. Par ailleurs, la pr\u00e9sence d&rsquo;\u00c9mile dans plusieurs formes artistiques et textes participe \u00e0 son go\u00fbt intemporel.<\/p>\n\n<p>Sur le plan pratique, les tendances r\u00e9centes (ann\u00e9es 2010-2020) montrent une reprise mod\u00e9r\u00e9e : des jeunes couples choisissent \u00c9mile pour son c\u00f4t\u00e9 \u00e0 la fois familier et \u00e9l\u00e9gant. La recherche d&rsquo;authenticit\u00e9 et la pr\u00e9f\u00e9rence pour des pr\u00e9noms qui respectent le patrimoine linguistique expliquent cette \u00e9volution. Ce ph\u00e9nom\u00e8ne s&rsquo;observe \u00e9galement chez des publics sensibles \u00e0 la culture et \u00e0 l&rsquo;histoire familiale.<\/p>\n\n<p>La dimension culturelle s&rsquo;exprime aussi dans les activit\u00e9s propos\u00e9es aux tout-petits. Pour stimuler la cr\u00e9ativit\u00e9 d&rsquo;un enfant pr\u00e9nomm\u00e9 \u00c9mile, des ressources accessibles et ludiques existent, comme des coloriages ou des activit\u00e9s manuelles facilement imprimables. Par exemple, pour des moments calmes adapt\u00e9s aux tout-petits, il est possible d&rsquo;utiliser des supports gratuits tels que <a href=\"https:\/\/laviedebebe.com\/blog\/coloriages-pieuvres-imprimer\/\">coloriages \u00e0 imprimer<\/a> pour d\u00e9velopper motricit\u00e9 et concentration.<\/p>\n\n<p>Enfin, la popularit\u00e9 peut se mesurer non seulement par des statistiques nationales, mais par la mani\u00e8re dont un pr\u00e9nom s&rsquo;inscrit dans la vie quotidienne et les rituels familiaux. Offrir un cadeau symbolique pour la naissance, par exemple, peut renforcer ce lien ; des id\u00e9es simples \u00e0 fabriquer \u00e0 la maison sont souvent tr\u00e8s appr\u00e9ci\u00e9es et refl\u00e8tent l&rsquo;attention port\u00e9e au pr\u00e9nom. Une source de suggestions pratiques est accessible pour ceux qui cherchent des inspirations : <a href=\"https:\/\/laviedebebe.com\/blog\/cadeaux-faits-maison-papa\/\">id\u00e9es de cadeaux faits maison<\/a>.<\/p>\n\n<p>Phrase-cl\u00e9 : la popularit\u00e9 d&rsquo;\u00c9mile combine h\u00e9ritage culturel et attentes contemporaines, en faisant un pr\u00e9nom \u00e0 la fois rassurant et renouvel\u00e9.<\/p>\n\n<figure class=\"is-provider-youtube is-type-video wp-block-embed wp-block-embed-youtube wp-embed-aspect-16-9 wp-has-aspect-ratio\"><div class=\"wp-block-embed__wrapper\">\n<iframe loading=\"lazy\" title=\"Le pr\u00e9nom du jour : Emy - La Maison des maternelles #LMDM\" width=\"1200\" height=\"675\" src=\"https:\/\/www.youtube.com\/embed\/SSuI3qK-SfE?feature=oembed\" frameborder=\"0\" allow=\"accelerometer; autoplay; clipboard-write; encrypted-media; gyroscope; picture-in-picture; web-share\" referrerpolicy=\"strict-origin-when-cross-origin\" allowfullscreen><\/iframe>\n<\/div><\/figure>\n\n<p>La vid\u00e9o ci-dessus propose un \u00e9clairage visuel sur l&rsquo;une des figures qui ont fa\u00e7onn\u00e9 la perception du pr\u00e9nom.<\/p>\n\n<h2 class=\"wp-block-heading\"><span class=\"ez-toc-section\" id=\"Personnalite_du_prenom_Emile_traits_observes_et_conseils_pratiques_pour_accompagner_lenfant\"><\/span>Personnalit\u00e9 du pr\u00e9nom \u00c9mile : traits observ\u00e9s et conseils pratiques pour accompagner l&rsquo;enfant<span class=\"ez-toc-section-end\"><\/span><\/h2>\n\n<p>Les descriptions caract\u00e9rologiques associ\u00e9es aux pr\u00e9noms sont des synth\u00e8ses culturelles plus que des certitudes, mais elles restent utiles pour proposer des gestes \u00e9ducatifs adapt\u00e9s. La <strong>personnalit\u00e9<\/strong> traditionnellement associ\u00e9e \u00e0 \u00c9mile combine sensibilit\u00e9, cr\u00e9ativit\u00e9 et pers\u00e9v\u00e9rance.<\/p>\n\n<p>Concr\u00e8tement, un enfant nomm\u00e9 \u00c9mile peut manifester un go\u00fbt pour les activit\u00e9s artistiques, une propension \u00e0 r\u00eaver et une certaine fragilit\u00e9 face au conflit. La tendance \u00e0 l&rsquo;\u00e9tourderie n\u00e9cessite une organisation douce, bas\u00e9e sur des routines simples et des rep\u00e8res clairs. Cela passe par des routines de coucher, des petites listes visuelles pour les t\u00e2ches de la journ\u00e9e et des encouragements fr\u00e9quents.<\/p>\n\n<h3 class=\"wp-block-heading\">Conseils pratiques \u2014 mise en place de rep\u00e8res quotidiens<\/h3>\n\n<p>Probl\u00e8me : l&rsquo;enfant se montre r\u00eaveur et perd facilement ses affaires. Solution : instaurer des bo\u00eetes color\u00e9es pour ranger jouets et v\u00eatements, avec un rituel ludique en fin de journ\u00e9e. Exemple : dire une phrase courte et affectueuse avant de ranger peut transformer l&rsquo;acte en jeu et renforcer l&rsquo;autonomie.<\/p>\n\n<p>Probl\u00e8me : sensibilit\u00e9 aux remarques. Solution : privil\u00e9gier des retours constructifs, formul\u00e9s de mani\u00e8re positive, et valoriser l&rsquo;effort plut\u00f4t que le r\u00e9sultat. Exemple : remplacer \u00ab\u00a0tu as rat\u00e9\u00a0\u00bb par \u00ab\u00a0quelle pers\u00e9v\u00e9rance, on voit tes progr\u00e8s\u00a0\u00bb.<\/p>\n\n<ul class=\"wp-block-list\"><li><strong>Routine douce<\/strong> : horaires r\u00e9guliers, rituels de coucher apaisants.<\/li><li><strong>Activit\u00e9s cr\u00e9atives<\/strong> : dessins, musique, p\u00e2te \u00e0 modeler pour canaliser l&rsquo;imagination.<\/li><li><strong>Encadrement patient<\/strong> : r\u00e9partir les t\u00e2ches en petites \u00e9tapes et utiliser des aides visuelles.<\/li><li><strong>Temps de parole<\/strong> : instaurer un moment quotidien o\u00f9 l&rsquo;enfant peut exprimer ses \u00e9motions.<\/li><\/ul>\n\n<p>Ces outils sont simples \u00e0 appliquer et ont un impact concret sur le bien-\u00eatre du b\u00e9b\u00e9 et la s\u00e9r\u00e9nit\u00e9 des parents. Ils permettent de transformer les traits per\u00e7us comme fragilit\u00e9s en atouts durables.<\/p>\n\n<p>Exemple de cas : la famille Martin, qui attend un petit gar\u00e7on pr\u00e9nomm\u00e9 \u00c9mile, a choisi de cr\u00e9er un coin atelier avec des mat\u00e9riaux accessibles. R\u00e9sultat : en quelques semaines, l&rsquo;enfant a gagn\u00e9 en concentration et en confiance lors des moments calmes. Cette anecdote illustre comment des ajustements pratiques changent la dynamique familiale sans pression.<\/p>\n\n<p>Phrase-cl\u00e9 : accompagner un \u00c9mile, c&rsquo;est offrir des rep\u00e8res doux et des opportunit\u00e9s cr\u00e9atives pour que la sensibilit\u00e9 devienne force.<\/p>\n\n<figure class=\"is-provider-youtube is-type-video wp-block-embed wp-block-embed-youtube wp-embed-aspect-16-9 wp-has-aspect-ratio\"><div class=\"wp-block-embed__wrapper\">\n<iframe loading=\"lazy\" title=\"Am\u00e9lie : Signification et Origines du Pr\u00e9nom Enchanteur !\" width=\"1200\" height=\"675\" src=\"https:\/\/www.youtube.com\/embed\/cmIH7YPqPcA?feature=oembed\" frameborder=\"0\" allow=\"accelerometer; autoplay; clipboard-write; encrypted-media; gyroscope; picture-in-picture; web-share\" referrerpolicy=\"strict-origin-when-cross-origin\" allowfullscreen><\/iframe>\n<\/div><\/figure>\n\n<script type=\"application\/ld+json\">\n{\"@context\":\"https:\/\/schema.org\",\"@type\":\"FAQPage\",\"mainEntity\":[{\"@type\":\"Question\",\"name\":\"Quelle est l'origine du pru00e9nom u00c9mile ?\",\"acceptedAnswer\":{\"@type\":\"Answer\",\"text\":\"Le pru00e9nom u00c9mile provient du latin Aemilius. Il est historiquement associu00e9 u00e0 des familles romaines et a u00e9tu00e9 popularisu00e9 en Europe u00e0 diffu00e9rentes u00e9poques, notamment au XIXe siu00e8cle.\"}},{\"@type\":\"Question\",\"name\":\"Que signifie u00c9mile ?\",\"acceptedAnswer\":{\"@type\":\"Answer\",\"text\":\"La signification communu00e9ment donnu00e9e renvoie u00e0 des notions comme u2018rivalu2019 ou u2018celui qui excelleu2019, mais on rencontre aussi des interpru00e9tations axu00e9es sur lu2019ardeur et la persu00e9vu00e9rance. Ces sens sont des repu00e8res culturels plutu00f4t que des du00e9terminismes.\"}},{\"@type\":\"Question\",\"name\":\"Comment accompagner un enfant nommu00e9 u00c9mile au quotidien ?\",\"acceptedAnswer\":{\"@type\":\"Answer\",\"text\":\"Favoriser des routines bienveillantes, proposer des activitu00e9s artistiques ru00e9guliu00e8res et utiliser des aides visuelles pour canaliser lu2019u00e9tourderie. Valoriser lu2019effort et cru00e9er des temps de parole quotidiens amu00e9liore la confiance et lu2019autonomie.\"}},{\"@type\":\"Question\",\"name\":\"Le pru00e9nom u00c9mile est-il toujours populaire en 2026 ?\",\"acceptedAnswer\":{\"@type\":\"Answer\",\"text\":\"u00c9mile connau00eet une ru00e9surgence modu00e9ru00e9e ces derniu00e8res annu00e9es : choix de parents sensibles au patrimoine culturel et au charme des pru00e9noms classiques. Sa popularitu00e9 varie selon les ru00e9gions et les pru00e9fu00e9rences familiales.\"}}]}\n<\/script>\n<h3>Quelle est l&rsquo;origine du pr\u00e9nom \u00c9mile ?<\/h3>\n<p>Le pr\u00e9nom \u00c9mile provient du latin Aemilius. Il est historiquement associ\u00e9 \u00e0 des familles romaines et a \u00e9t\u00e9 popularis\u00e9 en Europe \u00e0 diff\u00e9rentes \u00e9poques, notamment au XIXe si\u00e8cle.<\/p>\n<h3>Que signifie \u00c9mile ?<\/h3>\n<p>La signification commun\u00e9ment donn\u00e9e renvoie \u00e0 des notions comme \u2018rival\u2019 ou \u2018celui qui excelle\u2019, mais on rencontre aussi des interpr\u00e9tations ax\u00e9es sur l\u2019ardeur et la pers\u00e9v\u00e9rance. Ces sens sont des rep\u00e8res culturels plut\u00f4t que des d\u00e9terminismes.<\/p>\n<h3>Comment accompagner un enfant nomm\u00e9 \u00c9mile au quotidien ?<\/h3>\n<p>Favoriser des routines bienveillantes, proposer des activit\u00e9s artistiques r\u00e9guli\u00e8res et utiliser des aides visuelles pour canaliser l\u2019\u00e9tourderie. Valoriser l\u2019effort et cr\u00e9er des temps de parole quotidiens am\u00e9liore la confiance et l\u2019autonomie.<\/p>\n<h3>Le pr\u00e9nom \u00c9mile est-il toujours populaire en 2026 ?<\/h3>\n<p>\u00c9mile conna\u00eet une r\u00e9surgence mod\u00e9r\u00e9e ces derni\u00e8res ann\u00e9es : choix de parents sensibles au patrimoine culturel et au charme des pr\u00e9noms classiques. Sa popularit\u00e9 varie selon les r\u00e9gions et les pr\u00e9f\u00e9rences familiales.<\/p>\n\n","protected":false},"excerpt":{"rendered":"<p>En bref Histoire et origine du pr\u00e9nom \u00c9mile : racines, \u00e9volutions et contextes historiques Le parcours historique du pr\u00e9nom \u00c9mile se lit comme une petite chronique europ\u00e9enne. Issu du nom de famille latin Aemilius, employ\u00e9 dans l&rsquo;Antiquit\u00e9, ce pr\u00e9nom a travers\u00e9 les si\u00e8cles en se chargeant d&rsquo;usages et de valeurs diff\u00e9rentes selon les \u00e9poques. Dans &#8230; <a title=\"\u00c0 la d\u00e9couverte du pr\u00e9nom \u00c9mile : histoire et signification\" class=\"read-more\" href=\"https:\/\/laviedebebe.com\/blog\/prenom-emile-signification\/\" aria-label=\"En savoir plus sur \u00c0 la d\u00e9couverte du pr\u00e9nom \u00c9mile : histoire et signification\">Read more<\/a><\/p>\n","protected":false},"author":1,"featured_media":1683,"comment_status":"open","ping_status":"closed","sticky":false,"template":"","format":"standard","meta":{"footnotes":""},"categories":[22],"tags":[],"class_list":["post-1685","post","type-post","status-publish","format-standard","has-post-thumbnail","hentry","category-enfant"],"_links":{"self":[{"href":"https:\/\/laviedebebe.com\/blog\/wp-json\/wp\/v2\/posts\/1685","targetHints":{"allow":["GET"]}}],"collection":[{"href":"https:\/\/laviedebebe.com\/blog\/wp-json\/wp\/v2\/posts"}],"about":[{"href":"https:\/\/laviedebebe.com\/blog\/wp-json\/wp\/v2\/types\/post"}],"author":[{"embeddable":true,"href":"https:\/\/laviedebebe.com\/blog\/wp-json\/wp\/v2\/users\/1"}],"replies":[{"embeddable":true,"href":"https:\/\/laviedebebe.com\/blog\/wp-json\/wp\/v2\/comments?post=1685"}],"version-history":[{"count":0,"href":"https:\/\/laviedebebe.com\/blog\/wp-json\/wp\/v2\/posts\/1685\/revisions"}],"wp:featuredmedia":[{"embeddable":true,"href":"https:\/\/laviedebebe.com\/blog\/wp-json\/wp\/v2\/media\/1683"}],"wp:attachment":[{"href":"https:\/\/laviedebebe.com\/blog\/wp-json\/wp\/v2\/media?parent=1685"}],"wp:term":[{"taxonomy":"category","embeddable":true,"href":"https:\/\/laviedebebe.com\/blog\/wp-json\/wp\/v2\/categories?post=1685"},{"taxonomy":"post_tag","embeddable":true,"href":"https:\/\/laviedebebe.com\/blog\/wp-json\/wp\/v2\/tags?post=1685"}],"curies":[{"name":"wp","href":"https:\/\/api.w.org\/{rel}","templated":true}]}}